{"id":1316,"date":"2005-12-19T00:00:00","date_gmt":"2005-12-19T00:00:00","guid":{"rendered":"http:\/\/www.ipsnoticias.net\/portuguese\/?p=1316"},"modified":"2005-12-19T00:00:00","modified_gmt":"2005-12-19T00:00:00","slug":"colombia-sociedade-civil-acompanha-de-perto-o-dialogo-da-paz","status":"publish","type":"post","link":"https:\/\/www.ipsnews.net\/portuguese\/2005\/12\/america-latina\/colombia-sociedade-civil-acompanha-de-perto-o-dialogo-da-paz\/","title":{"rendered":"Col\u00f4mbia: Sociedade civil acompanha de perto o di\u00e1logo da paz"},"content":{"rendered":"<p>Havana, 19\/12\/2005 &ndash; O governo da Col\u00f4mbia e o movimento guerrilheiro Ex\u00e9rcito de Liberta\u00e7\u00e3o Nacional (ELN) come\u00e7aram no final de semana &#8211; e devem terminar na quinta-feira -, em Havana, um di\u00e1logo explorat\u00f3rio sem condicionamentos e com agenda aberta, acompanhados de perto por cerca de cem representantes da sociedade civil e da comunidade internacional. <!--more--> &quot;Estaremos no quarto ao lado&quot;, disse \u00e0 IPS o catedr\u00e1tico Alejo Vargas, do grupo de garantidores da Casa da Paz (institui\u00e7\u00e3o de di\u00e1logo entre o ELN e a sociedade civil), para ratificar seu papel nas conversa\u00e7\u00f5es. O di\u00e1logo est\u00e1 liderado pelo alto comissariado para a Paz do governo colombiano, Luis Carlos Restrepo, e por Antonio Garc\u00eda, n\u00famero dois no comando central do ELN.            <\/p>\n<p>A Casa da Paz propiciou um processo de consultas entre o grupo guerrilheiro e diversos setores sociais, e facilitou os contatos iniciais entre o ELN e o governo do direitista \u00c1lvaro Uribe, preparando assim o caminho para esta reuni\u00e3o, definida como explorat\u00f3ria e instalada oficialmente na sexta-feira. Uma avalia\u00e7\u00e3o dessas sondagens iniciais foi entregue tanto ao governo quanto ao ELN antes do in\u00edcio das conversa\u00e7\u00f5es e em envelope selado pelo grupo de garantidores, integrado por cinco personalidades que incluem Vargas e o economista e industrial Moritz Akerman.<\/p>\n<p>Os outros membros do grupo s\u00e3o o coordenador da Campanha Colombiana contra Minas, \u00c1lvaro Jim\u00e9nez; o ex-alto comiss\u00e1rio para a Paz, Daniel Garc\u00eda Pena, historiador e diretor da n\u00e3o-governamental Planeta Paz, e Gustavo Ruiz, representante da sociedade civil. &quot;Creio que as duas partes reconhecem que necessitam de n\u00f3s para ajudar a encontrar caminhos de solu\u00e7\u00e3o. Tomara que possamos estar \u00e0 altura de nossos compromissos&quot;, disse \u00e0 IPS Akerman, que coordena a Casa da Paz. Analistas disseram que o papel protagonista da sociedade civil na busca de uma sa\u00edda pol\u00edtica para o conflito colombiano \u00e9 irrevers\u00edvel, e contribui para criar condi\u00e7\u00f5es com vistas \u00e0 aproxima\u00e7\u00e3o, apesar das posi\u00e7\u00f5es antag\u00f4nicas.<\/p>\n<p>&quot;Para n\u00f3s, a paz n\u00e3o \u00e9 um momento, mas a cria\u00e7\u00e3o de um cen\u00e1rio onde as pessoas se sentem participantes. Se n\u00e3o se motivar a participa\u00e7\u00e3o da sociedade, o caminho ser\u00e1 complexo&quot;, disse Garc\u00eda aos jornalistas. As conversa\u00e7\u00f5es, previstas para terminarem na pr\u00f3xima quinta-feira &#8211; embora n\u00e3o esteja descartado terminar antes &#8211; come\u00e7aram em um clima de respeito e moderadas expectativas, marcadas por discursos nos quais os dois lados apresentaram seus diferentes enfoques sobre o conflito. &quot;Um processo de paz real dever\u00e1 nos levar \u00e0 mudan\u00e7as estruturais no \u00e2mbito social, pol\u00edtico e econ\u00f4mico&quot;, disse Garc\u00eda, para quem esse caminho tamb\u00e9m passa pela solu\u00e7\u00e3o da crise humanit\u00e1ria que deixou &quot;milh\u00f5es de v\u00edtimas&quot; no pa\u00eds.<\/p>\n<p>Para o l\u00edder rebelde, nunca antes as duas partes estivaram &quot;t\u00e3o distantes como atualmente&quot;. Entretanto, &quot;viemos abertos a ouvir o governo e esperamos que o governo tamb\u00e9m venha com a mesma disposi\u00e7\u00e3o&quot;, ressaltou. Por sua vez, Restrepo disse que um &quot;profundo abismo&quot; separa o governo de Uribe do ELN. N\u00e3o &quot;seria honesto nem correto&quot; minimizar as &quot;contradi\u00e7\u00f5es que, em grande parte, s\u00e3o causa do sofrimento do povo colombiano nas \u00faltimas d\u00e9cadas&quot;, afirmou. O alto comiss\u00e1rio para a Paz assegurou ainda que n\u00e3o deseja &quot;criar falsas expectativas&quot; e prometeu agir &quot;com prud\u00eancia e persist\u00eancia, tentando consolidar passo a passo o processo&quot;.<\/p>\n<p>Estas posturas confirmaram as poucas expectativas que tinham alguns analistas sobre os resultados deste encontro, mas sem deixar de reconhecer que s\u00f3 o fato de o governo e o ELN terem decidido sentar frente \u00e0 frente \u00e9 por si s\u00f3 um passo fundamental. &quot;A \u00fanica coisa concreta que pode resultar desta primeira reuni\u00e3o \u00e9 que leve a um segundo encontro, que tenha continuidade, que n\u00e3o seja mais um encontro que fique no ar, mas o in\u00edcio de um processo que possa levar adiante, para uma solu\u00e7\u00e3o pol\u00edtica do conflito&quot;, afirmou Garc\u00eda Pena aos jornalistas. As pr\u00e1ticas s\u00e3o seguidas de perto por diplomatas da Espanha, Noruega e Su\u00ed\u00e7a, pa\u00edses acompanhantes do processo, e por integrantes de uma comiss\u00e3o civil facilitadora que re\u00fane personalidades pol\u00edticas e intelectuais da Col\u00f4mbia.<\/p>\n<p>O escritor colombiano e pr\u00eamio Nobel de Literatura, Gabriel Garc\u00eda M\u00e1rquez, se fez presente no cen\u00e1rio do encontro e sua presen\u00e7a deu \u00e0 sess\u00e3o inaugural um tom mais leve, matizado com brincadeiras e risadas. A aproxima\u00e7\u00e3o com o ELN acontece no momento em que o presidente Uribe prepara sua campanha para a reelei\u00e7\u00e3o no pr\u00f3ximo ano, embora Garc\u00eda tenha dito que isso n\u00e3o \u00e9 o mais importante. &quot; O que \u00e9 interessante \u00e9 que em meio a uma campanha eleitoral o pa\u00eds possa conhecer reflex\u00f5es, pontos de vista, propostas, inquieta\u00e7\u00f5es, diante da constru\u00e7\u00e3o da paz&quot;, comentou com os jornalistas.<\/p>\n<p>Mas observadores do encontro v\u00e3o mais al\u00e9m e consideram que se Uribe e o ELN avan\u00e7arem na l\u00f3gica de uma aproxima\u00e7\u00e3o, haver\u00e1 um consenso entre todos os candidatos nas pr\u00f3ximas elei\u00e7\u00f5es a favor de uma solu\u00e7\u00e3o pol\u00edtica. &quot;Isso \u00e9 importante, porque n\u00e3o haveria opositores da solu\u00e7\u00e3o pol\u00edtica na campanha que vir\u00e1 se este processo se mantiver&quot;, disse \u00e0 IPS Marco Romero, catedr\u00e1tico e membro da comiss\u00e3o civil facilitadora. A abertura da reuni\u00e3o tamb\u00e9m teve a presen\u00e7a do vice-chanceler cubano, Rafael Daus\u00e1, que deu as boas-vindas aos participantes e expressou o compromisso de Havana com o processo de paz colombiano, bem como funcion\u00e1rios do Partido Comunista de Cuba.<\/p>\n<p>O ELN \u00e9 a segunda for\u00e7a guerrilheira esquerdista do pa\u00eds, depois das For\u00e7as Armadas Revolucion\u00e1rias da Col\u00f4mbia (Farc). Ambas foram fundadas em 1964, mas com origens diferentes. Enquanto as Farc, de orienta\u00e7\u00e3o comunista, t\u00eam uma forte presen\u00e7a entre os camponeses e suas for\u00e7as prov\u00eam da guerra civil de meados dos anos 40, o ELN se inspirou na revolu\u00e7\u00e3o cubana e na Teologia da Liberta\u00e7\u00e3o, corrente cr\u00edtica de pensamento dentro da Igreja Cat\u00f3lica latino-americana. Muitos de seus membros foram e s\u00e3o intelectuais. No conflito colombiano tamb\u00e9m atuam esquadr\u00f5es da morte estreitamente vinculados com o narcotr\u00e1fico, que desde o final dos anos 90 se apresentam como ex\u00e9rcitos locais agrupados como Autodefesas Unidas da Col\u00f4mbia (AUC), agora em fase de desmobiliza\u00e7\u00e3o de boa parte de seus efetivos. (IPS\/Envolverde)<\/p>\n","protected":false},"excerpt":{"rendered":"<p>Havana, 19\/12\/2005 &ndash; O governo da Col\u00f4mbia e o movimento guerrilheiro Ex\u00e9rcito de Liberta\u00e7\u00e3o Nacional (ELN) come\u00e7aram no final de semana &#8211; e devem terminar na quinta-feira -, em Havana, um di\u00e1logo explorat\u00f3rio sem condicionamentos e com agenda aberta, acompanhados de perto por cerca de cem representantes da sociedade civil e da comunidade internacional. <a href=\"https:\/\/www.ipsnews.net\/portuguese\/2005\/12\/america-latina\/colombia-sociedade-civil-acompanha-de-perto-o-dialogo-da-paz\/\" class=\"more-link\">Continue Reading <span class=\"meta-nav\">&rarr;<\/span><\/a><\/p>\n","protected":false},"author":171,"featured_media":0,"comment_status":"open","ping_status":"open","sticky":false,"template":"","format":"standard","meta":{"footnotes":""},"categories":[2,6,11],"tags":[],"class_list":["post-1316","post","type-post","status-publish","format-standard","hentry","category-america-latina","category-direitos-humanos","category-politica"],"_links":{"self":[{"href":"https:\/\/www.ipsnews.net\/portuguese\/wp-json\/wp\/v2\/posts\/1316","targetHints":{"allow":["GET"]}}],"collection":[{"href":"https:\/\/www.ipsnews.net\/portuguese\/wp-json\/wp\/v2\/posts"}],"about":[{"href":"https:\/\/www.ipsnews.net\/portuguese\/wp-json\/wp\/v2\/types\/post"}],"author":[{"embeddable":true,"href":"https:\/\/www.ipsnews.net\/portuguese\/wp-json\/wp\/v2\/users\/171"}],"replies":[{"embeddable":true,"href":"https:\/\/www.ipsnews.net\/portuguese\/wp-json\/wp\/v2\/comments?post=1316"}],"version-history":[{"count":0,"href":"https:\/\/www.ipsnews.net\/portuguese\/wp-json\/wp\/v2\/posts\/1316\/revisions"}],"wp:attachment":[{"href":"https:\/\/www.ipsnews.net\/portuguese\/wp-json\/wp\/v2\/media?parent=1316"}],"wp:term":[{"taxonomy":"category","embeddable":true,"href":"https:\/\/www.ipsnews.net\/portuguese\/wp-json\/wp\/v2\/categories?post=1316"},{"taxonomy":"post_tag","embeddable":true,"href":"https:\/\/www.ipsnews.net\/portuguese\/wp-json\/wp\/v2\/tags?post=1316"}],"curies":[{"name":"wp","href":"https:\/\/api.w.org\/{rel}","templated":true}]}}