{"id":1372,"date":"2006-01-11T00:00:00","date_gmt":"2006-01-11T00:00:00","guid":{"rendered":"http:\/\/www.ipsnoticias.net\/portuguese\/?p=1372"},"modified":"2006-01-11T00:00:00","modified_gmt":"2006-01-11T00:00:00","slug":"energia-crise-do-gas-reaviva-opcao-nuclear-na-europa","status":"publish","type":"post","link":"https:\/\/www.ipsnews.net\/portuguese\/2006\/01\/mundo\/energia-crise-do-gas-reaviva-opcao-nuclear-na-europa\/","title":{"rendered":"Energia: Crise do g\u00e1s reaviva op\u00e7\u00e3o nuclear na Europa"},"content":{"rendered":"<p>Paris, 11\/01\/2006 &ndash; Os ecologistas alertam que a \u00faltima crise gerada pelo fornecimento de g\u00e1s natural da R\u00fassia para a Ucr\u00e2nia reavivou o interesse pelo desenvolvimento da energia at\u00f4mica na Europa, repleta de perigos. <!--more--> Entre os riscos da produ\u00e7\u00e3o de energia nuclear, os ambientalistas se preocupam com o armazenamento dos res\u00edduos radioativos, a seguran\u00e7a dos reatores e a disponibilidade de ur\u00e2nio no futuro pr\u00f3ximo. &quot;Os geradores nucleares deixam 95% da energia fission\u00e1vel no material combust\u00edvel&quot;, disse \u00e1 IPS o porta-voz da organiza\u00e7\u00e3o ambientalista francesa Sortir du Nucl\u00e9aire (Sair do nuclear), St\u00e9phane Lhomme.<\/p>\n<p>&quot;Esta enorme quantidade de lixo permanecer\u00e1 radioativo por milhares de anos, representam um risco incalcul\u00e1vel para a sa\u00fade e o meio ambiente, e ningu\u00e9m ainda encontrou um lugar apropriado e uma forma segura de se desfazer dele&quot;, disse Lhomme. Al\u00e9m disso, a evolu\u00e7\u00e3o do mercado de ur\u00e2nio levou as pol\u00edticas energ\u00e9ticas nucleares a um beco sem sa\u00edda. A disponibilidade de ur\u00e2nio ser\u00e1 insuficiente para atender a demanda em 2020, previu. Por\u00e9m, l\u00edderes conservadores agora reclamam a renova\u00e7\u00e3o dos reatores nucleares.<\/p>\n<p>Na Alemanha, Roland Koch, primeiro-ministro do Estado de Hessen e uma das principais figuras da Uni\u00e3o Democr\u00e1tica Crist\u00e3 (UDC), o novo partido no governo, reclamou que seja reconsiderada a decis\u00e3o do governo anterior, do Partido Social Democr\u00e1tico (PSD) e dos Verdes de interromper o uso de energia at\u00f4mica at\u00e9 2030. A anterior coaliz\u00e3o governante PSD-Verdes havia lan\u00e7ado um projeto de investimentos em programas de energia e\u00f3lica e solar. Koch disse \u00e0 imprensa alem\u00e3, na segunda-feira, que a id\u00e9ia de abandonar gradualmente a produ\u00e7\u00e3o de energia nuclear seria &quot;um desastre econ\u00f4mico&quot;. A Alemanha &quot;deve responder \u00e0 pergunta (de como atender a demanda por energia). Esta \u00e9 uma quest\u00e3o de ordem tecnol\u00f3gica e econ\u00f4mica, n\u00e3o ideol\u00f3gica&quot;, ressaltou.<\/p>\n<p>A energia at\u00f4mica abastece a ter\u00e7a parte das necessidades energ\u00e9ticas alem\u00e3s. Com uma produ\u00e7\u00e3o de 15 mil megawatts de energia e\u00f3lica, a Alemanha lidera a lista mundial de pa\u00edses que recorrem a fontes limpas, segundo a Ag\u00eancia Europ\u00e9ia de Energia. Tamb\u00e9m possui a maior superf\u00edcie de coleta de energia solar do mundo, com cerca de seis milh\u00f5es de metros quadrados de celulares solares em uso. Mas agora que os Verdes ficaram fora do governo e o PSD \u00e9 o s\u00f3cio menor da coaliz\u00e3o no poder, estes \u00eaxitos do passado correm o risco de evaporar.<\/p>\n<p>No momento, o atual governo est\u00e1 de acordo em prosseguir com o plano de ir fechando gradualmente as usinas nucleares, mas a crise do g\u00e1s fez com que l\u00edderes muito influentes, como Koch, se sentissem com for\u00e7a para desafiar essa pol\u00edtica. O PSD alem\u00e3o resiste a qualquer medida para reavivar o poder nuclear. O ministro social-democrata de Meio Ambiente, Sigmar Gabriel, pede urg\u00eancia aos cidad\u00e3os para que economizem e consumam menos energia, melhorando o isolamento de suas casas. &quot;Se todos os alem\u00e3es desligarem todos seus eletrodom\u00e9sticos em lugar de deix\u00e1-los ligados na tomada, poder\u00edamos fechar uma usina nuclear&quot;, disse Gabriel aos jornalistas, no domingo.&quot;Na \u00e1rea ambiental, o quilowatt mais eficiente \u00e9 o que n\u00e3o consumimos&quot;, acrescentou.<\/p>\n<p>No final de dezembro, Ucr\u00e2nia e R\u00fassia se envolveram em uma disputa por causa do enorme aumento no pre\u00e7o do g\u00e1s natural russo, vital para a economia ucraniana. A quest\u00e3o incluiu a amea\u00e7a de Moscou de cortar o fornecimento, e de Kiev de desviar o g\u00e1s russo que \u00e9 exportado por gasodutos para a Europa passando por seu territ\u00f3rio. Em Paris, o presidente Jacques Chirac anunciou, na semana passada, que seu governo aprovaria uma nova gera\u00e7\u00e3o de usinas nucleares que deveriam estar funcionando at\u00e9 2020. &quot;A Fran\u00e7a deveria preservar o avan\u00e7o no poder nuclear. Numerosos pa\u00edses j\u00e1 trabalham na nova gera\u00e7\u00e3o de reatores nucleares que dever\u00e3o estar funcionando entre 2030 e 2040, produzindo menos lixo nuclear e otimizando o uso de materiais fission\u00e1veis&quot;, afirmou.<\/p>\n<p>A energia nuclear atente mais de 80% das necessidades energ\u00e9ticas da Fran\u00e7a. O uso de fontes renov\u00e1veis, com o vento, \u00e9 insignificante. Segundo a ag\u00eancia estatal para o meio ambiente e a administra\u00e7\u00e3o de energia (Ademe), a Fran\u00e7a tem capacidade de 632 megawatts em turbinas e\u00f3licas, que representam apenas 0,15% da gera\u00e7\u00e3o total. Um relat\u00f3rio oficial divulgado em dezembro pede urg\u00eancia ao governo para lan\u00e7ar um programa substancial de energia e\u00f3lica, por\u00e9m Chirac prefere aumentar o investimento em pot\u00eancia nuclear. O governo encomendou a constru\u00e7\u00e3o de uma terceira gera\u00e7\u00e3o de usinas nucleares em outubro, cuja produ\u00e7\u00e3o deve come\u00e7ar em 2012.<\/p>\n<p>No ano passado, a Fran\u00e7a ganhou a licita\u00e7\u00e3o para construir o Reator Experimental Termonuclear Internacional (ITER) aumentando substancialmente sua contribui\u00e7\u00e3o financeira ao projeto. Espera-se que o ITER reproduza a fus\u00e3o utilizando mais materiais fission\u00e1veis para gerar enormes quantidades de energia. O reator est\u00e1 sendo constru\u00eddo ao custo de US$ 12 bilh\u00f5es. Fran\u00e7a e Uni\u00e3o Europ\u00e9ia pagam, juntas, a metade desse valor.<\/p>\n<p>Por\u00e9m, muitos cientistas consideram que este investimento \u00e9 extremamente de risco, devido \u00e0s dificuldades tecnol\u00f3gicas que o ITER ter\u00e1 de superar, especialmente no tocante ao uso de tr\u00edtio, um elemento inst\u00e1vel e altamente ratioativo. Os inspetores franceses admitiram no m\u00eas passado que 34 das 58 usinas nucleares da Fran\u00e7a apresentam defeitos de projeto nas bombas de refrigera\u00e7\u00e3o, que sup\u00f5e-se devem ser ativadas em caso de acidente. &quot;Pedimos \u00e0 ag\u00eancia francesa de seguran\u00e7a nuclear que feche os 34 reatores&quot;, disse Lhomme. Seu pedido foi ignorado. (IPS\/Envolverde)<\/p>\n","protected":false},"excerpt":{"rendered":"<p>Paris, 11\/01\/2006 &ndash; Os ecologistas alertam que a \u00faltima crise gerada pelo fornecimento de g\u00e1s natural da R\u00fassia para a Ucr\u00e2nia reavivou o interesse pelo desenvolvimento da energia at\u00f4mica na Europa, repleta de perigos. <a href=\"https:\/\/www.ipsnews.net\/portuguese\/2006\/01\/mundo\/energia-crise-do-gas-reaviva-opcao-nuclear-na-europa\/\" class=\"more-link\">Continue Reading <span class=\"meta-nav\">&rarr;<\/span><\/a><\/p>\n","protected":false},"author":109,"featured_media":0,"comment_status":"open","ping_status":"open","sticky":false,"template":"","format":"standard","meta":{"footnotes":""},"categories":[8,10,4],"tags":[],"class_list":["post-1372","post","type-post","status-publish","format-standard","hentry","category-ambiente","category-energia","category-mundo"],"_links":{"self":[{"href":"https:\/\/www.ipsnews.net\/portuguese\/wp-json\/wp\/v2\/posts\/1372","targetHints":{"allow":["GET"]}}],"collection":[{"href":"https:\/\/www.ipsnews.net\/portuguese\/wp-json\/wp\/v2\/posts"}],"about":[{"href":"https:\/\/www.ipsnews.net\/portuguese\/wp-json\/wp\/v2\/types\/post"}],"author":[{"embeddable":true,"href":"https:\/\/www.ipsnews.net\/portuguese\/wp-json\/wp\/v2\/users\/109"}],"replies":[{"embeddable":true,"href":"https:\/\/www.ipsnews.net\/portuguese\/wp-json\/wp\/v2\/comments?post=1372"}],"version-history":[{"count":0,"href":"https:\/\/www.ipsnews.net\/portuguese\/wp-json\/wp\/v2\/posts\/1372\/revisions"}],"wp:attachment":[{"href":"https:\/\/www.ipsnews.net\/portuguese\/wp-json\/wp\/v2\/media?parent=1372"}],"wp:term":[{"taxonomy":"category","embeddable":true,"href":"https:\/\/www.ipsnews.net\/portuguese\/wp-json\/wp\/v2\/categories?post=1372"},{"taxonomy":"post_tag","embeddable":true,"href":"https:\/\/www.ipsnews.net\/portuguese\/wp-json\/wp\/v2\/tags?post=1372"}],"curies":[{"name":"wp","href":"https:\/\/api.w.org\/{rel}","templated":true}]}}