{"id":1410,"date":"2006-01-23T00:00:00","date_gmt":"2006-01-23T00:00:00","guid":{"rendered":"http:\/\/www.ipsnoticias.net\/portuguese\/?p=1410"},"modified":"2006-01-23T00:00:00","modified_gmt":"2006-01-23T00:00:00","slug":"forum-social-mundial-espirito-de-bandung-em-bamako","status":"publish","type":"post","link":"https:\/\/www.ipsnews.net\/portuguese\/2006\/01\/mundo\/forum-social-mundial-espirito-de-bandung-em-bamako\/","title":{"rendered":"F\u00f3rum Social Mundial: Esp\u00edrito de Bandung em Bamako"},"content":{"rendered":"<p>Bamako, 23\/01\/2006 &ndash; Quando come\u00e7ava, na quinta-feira, o sexto F\u00f3rum Social Mundial (FSM) na capital de Mal\u00ed, muitos notavam no ar o esp\u00edrito da Confer\u00eancia de Bandung, que em 1955 preparou o terreno para a cria\u00e7\u00e3o do Movimento dos N\u00e3o-alinhados (Noal). <!--more--> Na cidade Indon\u00e9sia de Bandung se reuniram naquela oportunidade representantes de 29 pa\u00edses da \u00c1frica e da \u00c1sia, preocupados com as tentativas de controle de suas pol\u00edticas internas pelas superpot\u00eancias da \u00e9poca, Estados Unidos e Uni\u00e3o Sovi\u00e9tica. Os que participam em Bamako do FSM, confer\u00eancia anual de organiza\u00e7\u00f5es da sociedade civil em todo o mundo que este ano ter\u00e1 tr\u00eas fases em tr\u00eas capitais distintas, reclamam a reanima\u00e7\u00e3o da iniciativa de Bandung.<\/p>\n<p>Ativistas consideram que a revitaliza\u00e7\u00e3o do movimento intergovernamental ajudaria a atender as iniq\u00fcidades nos pa\u00edses em desenvolvimento, \u00e0s quais se atribui pol\u00edticas adotadas pelo Norte industrializado. &quot;Continuamos vivendo formas novas de coloniza\u00e7\u00e3o, pela qual os pa\u00edses em desenvolvimento continuam sofrendo a ditadura dos industrializados&quot;, disse Samir Amin, diretor do F\u00f3rum do Terceiro Mundo, rede de centros de estudos da \u00c1sia e da \u00c1frica com sede em Dakar. Amin fez estas declara\u00e7\u00f5es durante uma cerim\u00f4nia em que o FSM comemorou os 50 anos da iniciativa de Bandung, que em 1961 derivou na funda\u00e7\u00e3o do Noal. <\/p>\n<p>&quot;\u00c9 injusto que 75% da popula\u00e7\u00e3o mundial esteja sob dom\u00ednio de um grupo muito pequeno. Enfrentamos um sistema colonial que priva as na\u00e7\u00f5es em desenvolvimento do direito de escolher nosso modo de vida&quot;, afirmou Amin. &quot;As privatiza\u00e7\u00f5es e a liberaliza\u00e7\u00e3o econ\u00f4mica que continuam afligindo o Terceiro Mundo constituem um debate que se pode tra\u00e7ar at\u00e9 o esp\u00edrito de Bandung&quot;, acrescentou. Os Estados representados na confer\u00eancia de Bandung tamb\u00e9m procuravam promover a coopera\u00e7\u00e3o entre \u00c1frica e \u00c1sia, com vistas a reduzir a depend\u00eancia das na\u00e7\u00f5es ricas.<\/p>\n<p>De todo modo, a press\u00e3o da Guerra Fria entre Estados Unidos \u00e0 frente do campo capitalista e a Uni\u00e3o Sovi\u00e9tica liderando o lado comunista minou a efic\u00e1cia do Noal, cujos membros supostamente neutros se inclinaram para um ou outro grupo. Paradoxalmente, o fim da Guerra Fria tamb\u00e9m afetou o Movimento, pois o privou de sua raz\u00e3o de ser. Fran\u00e7ois Houtart, diretor-executivo do n\u00e3o-governamental Centro Tricontinental, com sede na B\u00e9lgica, considera poss\u00edvel reivindicar o esp\u00edrito de unidade que prevaleceu em Bandung. &quot;Propomos construir um novo mundo, p\u00f4r fim a esta era colonial a que estamos submetidos pela Organiza\u00e7\u00e3o Mundial do Com\u00e9rcio (OMC), pelo Fundo Monet\u00e1rio Internacional (FMI) e Banco Mundial&quot;, sentenciou. Houtart considerou que essas institui\u00e7\u00f5es &quot;impuseram seus termos, como nos obrigar a privatizar ou criar pol\u00edticas comerciais injustas&quot;, acrescentou.<\/p>\n<p>Os cr\u00edticos das normas ditadas pela OMC advertem que os pa\u00edses em desenvolvimento s\u00e3o postos em desvantagem ao se verem obrigados a reduzir suas barreiras comerciais mesmo quando a industrializa\u00e7\u00e3o mant\u00e9m seus mecanismos de prote\u00e7\u00e3o. Ao mesmo tempo, o incentivo \u00e0s privatiza\u00e7\u00f5es por parte do FMI e do Banco Mundial deixam servi\u00e7os b\u00e1sicos, como sa\u00fade, educa\u00e7\u00e3o, eletricidade e \u00e1gua pot\u00e1vel, fora do alcance dos mais pobres. &quot;\u00c9 importante que todos os africanos e asi\u00e1ticos sejam informados sobre estes assuntos e resistam unidos&quot;, disse \u00e0 IPS o ex-ministro de Turismo de Mal\u00ed, Aminata Traore. Estes esfor\u00e7os dariam impulso \u00e0 Alian\u00e7a Estrat\u00e9gica Asi\u00e1tico-Africana instalada pelos governos na comemora\u00e7\u00e3o do cinq\u00fcenten\u00e1rio da Confer\u00eancia de Bandung, no ano passado. <\/p>\n<p>O FSM \u00e9 uma reuni\u00e3o anual de representantes da sociedade civil de todo o mundo que teve sua primeira edi\u00e7\u00e3o em 2001 em Porto Alegre, com alternativa ao F\u00f3rum Econ\u00f4mico Mundial de Davos, que desde 1971 re\u00fane empres\u00e1rios e governantes nesse exclusivo centro tur\u00edstico da Su\u00ed\u00e7a. Enquanto o F\u00f3rum de Davos convoca financistas, empres\u00e1rios, chefes de Estado e de governo favor\u00e1veis ao atual processo de globaliza\u00e7\u00e3o, o FSM re\u00fane organiza\u00e7\u00f5es n\u00e3o-governamentais e outros grupos da sociedade civil que, por diversas raz\u00f5es, s\u00e3o contr\u00e1rias a ela.<\/p>\n<p>Alguns eixos tem\u00e1ticos do FSM polic\u00eantrico em Bamako s\u00e3o: a guerra, a seguran\u00e7a e a paz, a expans\u00e3o do liberalismo e o empobrecimento e o apartheid que ocasiona, o direito de fuga e das migra\u00e7\u00f5es, a viola\u00e7\u00e3o dos direitos econ\u00f4micos, sociais e culturais, a agress\u00e3o que sofrem as sociedades camponesas, entre outros. Tamb\u00e9m ser\u00e1 abordada a luta das mulheres, rela\u00e7\u00e3o entre liberalismo e patriarcado, problemas dos meios de comunica\u00e7\u00e3o e informa\u00e7\u00e3o, destrui\u00e7\u00e3o dos ecossistemas, direito internacional, a Organiza\u00e7\u00e3o das Na\u00e7\u00f5es Unidas, o com\u00e9rcio internacional, d\u00edvida externa, avan\u00e7o da democracia e soberania dos povos.<\/p>\n<p>Depois do primeiro F\u00f3rum de 2001, Porto Alegre tamb\u00e9m foi sede em 2002 e 2003, sendo que em 2004 foi realizado em Mumbai (\u00cdndia). A novidade do FSM deste ano \u00e9 que acontecer\u00e1 em tr\u00eas cidades de tr\u00eas continentes: Bamako, capital de Mal\u00ed; Caracas, capital da Venezuela, e Karachi, importante centro financeiro do Paquist\u00e3o no litoral do Mar da Ar\u00e1bia. (IPS\/Envolverde)<\/p>\n","protected":false},"excerpt":{"rendered":"<p>Bamako, 23\/01\/2006 &ndash; Quando come\u00e7ava, na quinta-feira, o sexto F\u00f3rum Social Mundial (FSM) na capital de Mal\u00ed, muitos notavam no ar o esp\u00edrito da Confer\u00eancia de Bandung, que em 1955 preparou o terreno para a cria\u00e7\u00e3o do Movimento dos N\u00e3o-alinhados (Noal). <a href=\"https:\/\/www.ipsnews.net\/portuguese\/2006\/01\/mundo\/forum-social-mundial-espirito-de-bandung-em-bamako\/\" class=\"more-link\">Continue Reading <span class=\"meta-nav\">&rarr;<\/span><\/a><\/p>\n","protected":false},"author":472,"featured_media":0,"comment_status":"open","ping_status":"open","sticky":false,"template":"","format":"standard","meta":{"footnotes":""},"categories":[12,4],"tags":[],"class_list":["post-1410","post","type-post","status-publish","format-standard","hentry","category-desenvolvimento","category-mundo"],"_links":{"self":[{"href":"https:\/\/www.ipsnews.net\/portuguese\/wp-json\/wp\/v2\/posts\/1410","targetHints":{"allow":["GET"]}}],"collection":[{"href":"https:\/\/www.ipsnews.net\/portuguese\/wp-json\/wp\/v2\/posts"}],"about":[{"href":"https:\/\/www.ipsnews.net\/portuguese\/wp-json\/wp\/v2\/types\/post"}],"author":[{"embeddable":true,"href":"https:\/\/www.ipsnews.net\/portuguese\/wp-json\/wp\/v2\/users\/472"}],"replies":[{"embeddable":true,"href":"https:\/\/www.ipsnews.net\/portuguese\/wp-json\/wp\/v2\/comments?post=1410"}],"version-history":[{"count":0,"href":"https:\/\/www.ipsnews.net\/portuguese\/wp-json\/wp\/v2\/posts\/1410\/revisions"}],"wp:attachment":[{"href":"https:\/\/www.ipsnews.net\/portuguese\/wp-json\/wp\/v2\/media?parent=1410"}],"wp:term":[{"taxonomy":"category","embeddable":true,"href":"https:\/\/www.ipsnews.net\/portuguese\/wp-json\/wp\/v2\/categories?post=1410"},{"taxonomy":"post_tag","embeddable":true,"href":"https:\/\/www.ipsnews.net\/portuguese\/wp-json\/wp\/v2\/tags?post=1410"}],"curies":[{"name":"wp","href":"https:\/\/api.w.org\/{rel}","templated":true}]}}