{"id":1411,"date":"2006-01-23T00:00:00","date_gmt":"2006-01-23T00:00:00","guid":{"rendered":"http:\/\/www.ipsnoticias.net\/portuguese\/?p=1411"},"modified":"2006-01-23T00:00:00","modified_gmt":"2006-01-23T00:00:00","slug":"forum-social-mundial-violencia-de-genero-no-banco-dos-reus","status":"publish","type":"post","link":"https:\/\/www.ipsnews.net\/portuguese\/2006\/01\/america-latina\/forum-social-mundial-violencia-de-genero-no-banco-dos-reus\/","title":{"rendered":"F\u00f3rum Social Mundial: Viol\u00eancia de g\u00eanero no banco dos r\u00e9us"},"content":{"rendered":"<p>Havana, 23\/01\/2006 &ndash; Mulheres afetadas por diferentes formas de viol\u00eancia e discrimina\u00e7\u00e3o de g\u00eanero dar\u00e3o seu testemunho perante um tribunal durante o VI F\u00f3rum Social Mundial, cuja fase latino-americana come\u00e7a nesta ter\u00e7a-feira em Caracas. <!--more--> &quot;Trata-se de tornar vis\u00edvel o que o sistema dominante do capital oculta&quot;, disse \u00e0 IPS Humberto Miranda, membro do grupo coordenador do Tribunal Internacional de Mulheres contra a viol\u00eancia patriarcal do neoliberalismo, promovida por v\u00e1rias organiza\u00e7\u00f5es.            <\/p>\n<p>&quot;As estat\u00edsticas dizem que as mulheres s\u00e3o as mais exploradas e pobres entre os pobres, mas a cultura ocidental imp\u00f5e um padr\u00e3o no qual essa perspectiva de g\u00eanero permanece oculta&quot;, acrescentou o pesquisador cubano. Da\u00ed que entre os objetivos do Tribunal est\u00e1 o de denunciar essa situa\u00e7\u00e3o e &quot;tornar vis\u00edvel o invis\u00edvel&quot;, al\u00e9m de desafiar o discurso oficial sobre os direitos humanos, que ignora o drama di\u00e1rio de milh\u00f5es de pessoas que carecem o elementar para viver e se desenvolver.<\/p>\n<p>O Tribunal se reunir\u00e1 na sexta-feira, e embora suas conclus\u00f5es care\u00e7am de efeito legal, permitir\u00e1 que se conhe\u00e7a atrav\u00e9s das hist\u00f3rias de vida narradas por suas pr\u00f3prias protagonistas o impacto de problemas que v\u00e3o desde a exclus\u00e3o social at\u00e9 o terrorismo de Estado e outros abusos. Entre as poss\u00edveis testemunhas figuram a norte-americana Cindy Sheehan, cujo filho Casey morreu em combate no Iraque, e a espanhola Maribel Permuy, m\u00e3e do jornalista Jos\u00e9 Couso, morto por um proj\u00e9til dos Estados Unidos em Bagd\u00e1 quando cumpria sua miss\u00e3o profissional.<\/p>\n<p>Tamb\u00e9m estar\u00e3o presentes mulheres que vivem com o v\u00edrus da defici\u00eancia imunol\u00f3gica humana (HIV, causador da aids), imigrantes nos Estados Unidos, sindicalistas, ativistas de direitos humanos e camponesas centro-americanas, bem como sobreviventes do conflito armado na Col\u00f4mbia e das ex-ditaduras do Cone Sul latino-americano. A agenda de trabalho tamb\u00e9m inclui um testemunho anal\u00edtico sobre o feminic\u00eddio, forma extrema de viol\u00eancia de g\u00eanero que se manifesta com especial gravidade em pa\u00edses como M\u00e9xico, Guatemala e Espanha.<\/p>\n<p>Segundo fontes parlamentares, entre 2001 e 2005 foram cometidos 1.942 assassinatos de mulheres na Guatemala, e 625 no M\u00e9xico em 2004, enquanto na Espanha cerca de 70 mulheres foram v\u00edtimas da viol\u00eancia de g\u00eanero. Na na\u00e7\u00e3o europ\u00e9ia, esta forma de viol\u00eancia se materializa basicamente no \u00e2mbito privado, enquanto nos outros dois casos se combinam tamb\u00e9m causas sociais, a a\u00e7\u00e3o do crime organizado e a impunidade, segundo estudos mencionados durante uma reuni\u00e3o realizada no final de 2005 em Madri por congressistas desses tr\u00eas pa\u00edses. O Tribunal Internacional de Mulheres contra a viol\u00eancia patriarcal do neoliberalismo est\u00e1 inclu\u00eddo no primeiro eixo tem\u00e1tico do FSM, sobre &quot;Poder, pol\u00edtica e lutas pela emancipa\u00e7\u00e3o social&quot;.<\/p>\n<p>&quot;N\u00e3o pode haver um projeto de emancipa\u00e7\u00e3o que n\u00e3o leve em considera\u00e7\u00e3o todos estes problemas&quot;, disse Miranda, membro do Grupo Am\u00e9rica Latina, Filosofia Social e Axiologia do Instituto de Filosofia, ligado ao Minist\u00e9rio da Ci\u00eancia, Tecnologia e Meio Ambiente de Cuba. Entre as organiza\u00e7\u00f5es que convocam este Tribunal tamb\u00e9m figuram o escrit\u00f3rio Internacional Asian Women`s Human Rights Council, com sede em T\u00fanis e liderado por Corinne Kumar; a Rede de Intelectuais em Defesa da Humanidade; Encontros Hemisf\u00e9ricos de Luta contra a Alca; Marcha Mundial de Mulheres e a Rede Latino-americana de Mulheres Transformando a Economia, entre outras.<\/p>\n<p>O FSM \u00e9 uma reuni\u00e3o anual de representantes da sociedade civil de todo o mundo cuja primeira edi\u00e7\u00e3o aconteceu em 2001 em Porto Alegre, como alternativa ao F\u00f3rum Econ\u00f4mico Mundial de Davos, que desde 1971 re\u00fane empres\u00e1rios e governantes nesse exclusivo centro tur\u00edstico da Su\u00ed\u00e7a. Em sua sexta vers\u00e3o, o FSM acontece em tr\u00eas cidades de tr\u00eas continentes, em Bamako, capital de Mal\u00ed, Caracas, capital da Venezuela, e Karachi, cidades do Paquist\u00e3o e importante centro financeiro da costa do Mar da Ar\u00e1bia.<\/p>\n<p>Em Caracas s\u00e3o esperados cem mil ativistas sociais de diversas partes do mundo que participar\u00e3o de quase duas mil atividades, entradas em eixos tem\u00e1ticos, o primeiro deles incluindo debates sobre Estado, partidos pol\u00edticos e movimentos sociais, bem como as pr\u00e1ticas de resist\u00eancia frente \u00e0s formas de domina\u00e7\u00e3o e viol\u00eancia pol\u00edtica. O segundo eixo, &quot;Estrat\u00e9gias imperiais e resist\u00eancia dos Povos&quot;, propicia debates que v\u00e3o desde a expans\u00e3o militar imperial at\u00e9 o terrorismo e o livre com\u00e9rcio, enquanto o terceiro eixo, &quot;Recursos e direitos para a vida: alternativas ao modelo civilizat\u00f3rio depredador&quot;, prev\u00ea discuss\u00f5es sobre privatiza\u00e7\u00e3o de recursos e o aquecimento planet\u00e1rio, entre outros.<\/p>\n<p>Um quarto grupo de temas engloba &quot;Diversidades, identidades e cosmovis\u00f5es em movimento&quot;, isto \u00e9, de povos, nacionalidades ind\u00edgenas e afrodescendentes, o di\u00e1logo entre religi\u00f5es, as identidades de g\u00eanero e a diversidade sexual. Problemas como a precariedade do trabalho, a exclus\u00e3o, a desigualdade e a pobreza ser\u00e3o discutidos dentro do quinto eixo tem\u00e1tico, enunciado como &quot;Trabalho, explora\u00e7\u00e3o e reprodu\u00e7\u00e3o da vida&quot;. No sexto e \u00faltimo eixo, &quot;Comunica\u00e7\u00e3o, culturas e educa\u00e7\u00e3o: din\u00e2micas e alternativas democratizadoras&quot;, inclui discuss\u00f5es sobre direito \u00e0 comunica\u00e7\u00e3o para fortalecer a cidadania e a democracia participativa e resist\u00eancias \u00e0 mercantiliza\u00e7\u00e3o da comunica\u00e7\u00e3o e \u00e0 concentra\u00e7\u00e3o da propriedade dos meios de comunica\u00e7\u00e3o. (IPS\/Envolverde)<\/p>\n","protected":false},"excerpt":{"rendered":"<p>Havana, 23\/01\/2006 &ndash; Mulheres afetadas por diferentes formas de viol\u00eancia e discrimina\u00e7\u00e3o de g\u00eanero dar\u00e3o seu testemunho perante um tribunal durante o VI F\u00f3rum Social Mundial, cuja fase latino-americana come\u00e7a nesta ter\u00e7a-feira em Caracas. <a href=\"https:\/\/www.ipsnews.net\/portuguese\/2006\/01\/america-latina\/forum-social-mundial-violencia-de-genero-no-banco-dos-reus\/\" class=\"more-link\">Continue Reading <span class=\"meta-nav\">&rarr;<\/span><\/a><\/p>\n","protected":false},"author":171,"featured_media":0,"comment_status":"open","ping_status":"open","sticky":false,"template":"","format":"standard","meta":{"footnotes":""},"categories":[2],"tags":[21],"class_list":["post-1411","post","type-post","status-publish","format-standard","hentry","category-america-latina","tag-metas-do-milenio"],"_links":{"self":[{"href":"https:\/\/www.ipsnews.net\/portuguese\/wp-json\/wp\/v2\/posts\/1411","targetHints":{"allow":["GET"]}}],"collection":[{"href":"https:\/\/www.ipsnews.net\/portuguese\/wp-json\/wp\/v2\/posts"}],"about":[{"href":"https:\/\/www.ipsnews.net\/portuguese\/wp-json\/wp\/v2\/types\/post"}],"author":[{"embeddable":true,"href":"https:\/\/www.ipsnews.net\/portuguese\/wp-json\/wp\/v2\/users\/171"}],"replies":[{"embeddable":true,"href":"https:\/\/www.ipsnews.net\/portuguese\/wp-json\/wp\/v2\/comments?post=1411"}],"version-history":[{"count":0,"href":"https:\/\/www.ipsnews.net\/portuguese\/wp-json\/wp\/v2\/posts\/1411\/revisions"}],"wp:attachment":[{"href":"https:\/\/www.ipsnews.net\/portuguese\/wp-json\/wp\/v2\/media?parent=1411"}],"wp:term":[{"taxonomy":"category","embeddable":true,"href":"https:\/\/www.ipsnews.net\/portuguese\/wp-json\/wp\/v2\/categories?post=1411"},{"taxonomy":"post_tag","embeddable":true,"href":"https:\/\/www.ipsnews.net\/portuguese\/wp-json\/wp\/v2\/tags?post=1411"}],"curies":[{"name":"wp","href":"https:\/\/api.w.org\/{rel}","templated":true}]}}