{"id":1412,"date":"2006-01-23T00:00:00","date_gmt":"2006-01-23T00:00:00","guid":{"rendered":"http:\/\/www.ipsnoticias.net\/portuguese\/?p=1412"},"modified":"2006-01-23T00:00:00","modified_gmt":"2006-01-23T00:00:00","slug":"forum-economico-mundial-rebeldes-contra-o-pensamento-unico","status":"publish","type":"post","link":"https:\/\/www.ipsnews.net\/portuguese\/2006\/01\/mundo\/forum-economico-mundial-rebeldes-contra-o-pensamento-unico\/","title":{"rendered":"F\u00f3rum Econ\u00f4mico Mundial: Rebeldes contra o pensamento \u00fanico"},"content":{"rendered":"<p>Genebra, 23\/01\/2006 &ndash; Manifesta\u00e7\u00f5es contra o F\u00f3rum de Davos, a confer\u00eancia de l\u00edderes empresariais, pol\u00edticos e economistas neoliberais que acontece anualmente neste centro tur\u00edstico nos Alpes, aconteceram no final de semana em v\u00e1rias cidades da Su\u00ed\u00e7a. <!--more--> O principal ato do s\u00e1bado aconteceu na pequena localidade de Reconvilier, noroeste do pa\u00eds, onde centenas de sindicalistas marcharam em protesto pela decis\u00e3o da empresa propriet\u00e1ria da fundi\u00e7\u00e3o Swissmetal Boillat de fechar o estabelecimento. A marcha dos trabalhadores, acompanhados de suas fam\u00edlias, reflete a resist\u00eancia &quot;diante da arrog\u00e2ncia e influ\u00eancia do poder econ\u00f4mico&quot;, disseram os organizadores da manifesta\u00e7\u00e3o.            <\/p>\n<p>Durante esta semana acontecer\u00e3o novos atos de oposi\u00e7\u00e3o ao F\u00f3rum de Davos em Berna, capital su\u00ed\u00e7a, e em cidades como Basil\u00e9ia, San Gall, Lucerna, Coire, Thun, Berthud e Lugano. A confer\u00eancia de Davos, organizada pelo F\u00f3rum Econ\u00f4mico Mundial (FEM), come\u00e7a nesta quarta-feira e vai at\u00e9 domingo. O aspecto mais significativo destas manifesta\u00e7\u00f5es \u00e9 que pela primeira vez, nos 34 anos de vida da confer\u00eancia do FEM, os atos de protestos acontecer\u00e3o fora da pr\u00f3pria cidade de Davos, localizada no cant\u00e3o de Gris\u00f3n, sudeste da Su\u00ed\u00e7a.<\/p>\n<p>Daniele Jenni, do Partido Ecologista da Su\u00ed\u00e7a, explicou \u00e0 IPS que foram obrigados a renunciar aos protestos no mesmo cen\u00e1rio do F\u00f3rum porque &quot;de fato, durante o FEM, em Davos n\u00e3o vigoram os direitos fundamentais e muito menos o direito de manifesta\u00e7\u00e3o&quot;. Davos e todo o cant\u00e3o de Gris\u00f3n \u00e9 uma zona &quot;policialmente ocupada durante este per\u00edodo&quot;, descreveu Jenni, que desde Berna coordena as a\u00e7\u00f5es de protesto de organiza\u00e7\u00f5es de esquerda em todo o pa\u00eds. Nestes dias para realizar uma manifesta\u00e7\u00e3o em Davos \u00e9 necess\u00e1rio submeter-se a controles policiais antes de ingressar na zona e em seguida inscrever-se em um registro de &quot;extremistas&quot; do servi\u00e7o de preven\u00e7\u00e3o da pol\u00edcia federal su\u00ed\u00e7a, afirmou a ativista.<\/p>\n<p>Estas condi\u00e7\u00f5es &quot;s\u00e3o inaceit\u00e1veis&quot;, enfatizou Jenni, sobretudo porque n\u00e3o se pode exercer os direitos fundamentais, tais como o de discordar e se manifestar, depois de ter passado por &quot;esses procedimentos indignos&quot;, acrescentou. Os opositores \u00e0 reuni\u00e3o do FEM o qualificam de &quot;f\u00f3rum privado, onde uma elite formada por homens poderosos (e muito poucas mulheres) se dedica a ditar as prioridades pol\u00edticas e discutir os grandes neg\u00f3cios&quot;, resumiu Iris Widmer, da Attac Su\u00ed\u00e7a. Widmer afirmou que a cada dia se pode ver as conseq\u00fc\u00eancias dessas pol\u00edticas, na guerra contra o Iraque, na pobreza e na fome de numerosos pa\u00edses do Sul, na destrui\u00e7\u00e3o da seguran\u00e7a social nos pa\u00edses do Norte, no desemprego em massa, na destrui\u00e7\u00e3o do meio ambiente, e tamb\u00e9m nos lucros sem precedentes obtidos pelas multinacionais.<\/p>\n<p>Jenni afirmou que o F\u00f3rum de Davos exp\u00f5e a inten\u00e7\u00e3o &quot;dos ricos e dos poderosos do mundo&quot; de fazer valer seus interesses, &quot;os interesses do benef\u00edcio e do poder em detrimento da maioria da popula\u00e7\u00e3o do mundo, sobretudo do Terceiro Mundo&quot;. Com as manifesta\u00e7\u00f5es que come\u00e7aram no fim de semana na Su\u00ed\u00e7a, pretende-se demonstrar que &quot;existe uma resist\u00eancia contra isso, que essa tend\u00eancia ao lucro n\u00e3o pode ser aceita como algo natural&quot;, disse Jenni. A Attac Su\u00ed\u00e7a realizar\u00e1 pelo s\u00e9timo ano consecutivo sua confer\u00eancia denominada O Outro Davos, para discutir as propostas de grupos de base alternativos e estimular as mobiliza\u00e7\u00f5es sociais contra o FEM, disse Widmer \u00e0 IPS.<\/p>\n<p>Attac \u00e9 um movimento internacional, criado na Fran\u00e7a em 1998, mas com ramifica\u00e7\u00f5es em quase todo o mundo, que se pronuncia pelo controle democr\u00e1tico dos mercados financeiros e de suas institui\u00e7\u00f5es. O Outro Davos acontecer\u00e1 na sexta-feira em Zurique, com participa\u00e7\u00e3o de Nahla Chahal, diretora de uma associa\u00e7\u00e3o de pesquisa \u00e1rabe na Fran\u00e7a, e de T\u00e2nia Quizoz Mendieta, ativista contra a privatiza\u00e7\u00e3o da \u00e1gua na Bol\u00edvia. A confer\u00eancia da Attac Su\u00ed\u00e7a tamb\u00e9m contar\u00e1 com a presen\u00e7a de Jay Arena, militante de grupos de base e pacifistas dos Estados Unidos, que informar\u00e1 sobre as dificuldades que enfrentam os moradores pobres de Nova Orleans castigados pelo furac\u00e3o Katrina.<\/p>\n<p>A confer\u00eancia discutir\u00e1 a &quot;guerra contra a pobreza&quot; declarada pelos respons\u00e1veis pelas pol\u00edticas neoliberais e das guerras imperialistas, disse Widmer em refer\u00eancia \u00e0 campanha lan\u00e7ada pelo Grupo dos Oito pa\u00edses mais poderosos do mundo na c\u00fapula realizada na localidade escocesa de Gleneagles, em julho de 2005. Widmer disse que os conferencistas ir\u00e3o analisar se essa &quot;guerra contra a pobreza&quot; n\u00e3o \u00e9 &quot;apenas uma nova forma de domina\u00e7\u00e3o imperialista do Norte sobre os Pa\u00edses do Sul&quot;. Mas al\u00e9m dessas tend\u00eancias que o F\u00f3rum de Davos representa, cresce uma resist\u00eancia \u00e0 ideologia da privatiza\u00e7\u00e3o e do mercado, advertiu Jenni.<\/p>\n<p>Isso se nota claramente na Am\u00e9rica Latina, por exemplo, na Venezuela e no caso mais recente da Bol\u00edvia, onde n\u00e3o se aceita mais essa ideologia propagada nas d\u00e9cadas de 80 e 90, afirmou a ativista. Por isso, \u00e9 significativo que os at\u00e9 agora centros tradicionais da economia e das grandes empresas, como Davos, j\u00e1 n\u00e3o est\u00e3o mais sozinhos no mundo, ressaltou o coordenador das manifesta\u00e7\u00f5es. (IPS\/Envolverde)<\/p>\n","protected":false},"excerpt":{"rendered":"<p>Genebra, 23\/01\/2006 &ndash; Manifesta\u00e7\u00f5es contra o F\u00f3rum de Davos, a confer\u00eancia de l\u00edderes empresariais, pol\u00edticos e economistas neoliberais que acontece anualmente neste centro tur\u00edstico nos Alpes, aconteceram no final de semana em v\u00e1rias cidades da Su\u00ed\u00e7a. <a href=\"https:\/\/www.ipsnews.net\/portuguese\/2006\/01\/mundo\/forum-economico-mundial-rebeldes-contra-o-pensamento-unico\/\" class=\"more-link\">Continue Reading <span class=\"meta-nav\">&rarr;<\/span><\/a><\/p>\n","protected":false},"author":421,"featured_media":0,"comment_status":"open","ping_status":"open","sticky":false,"template":"","format":"standard","meta":{"footnotes":""},"categories":[5,9,4],"tags":[],"class_list":["post-1412","post","type-post","status-publish","format-standard","hentry","category-economia","category-globalizacao","category-mundo"],"_links":{"self":[{"href":"https:\/\/www.ipsnews.net\/portuguese\/wp-json\/wp\/v2\/posts\/1412","targetHints":{"allow":["GET"]}}],"collection":[{"href":"https:\/\/www.ipsnews.net\/portuguese\/wp-json\/wp\/v2\/posts"}],"about":[{"href":"https:\/\/www.ipsnews.net\/portuguese\/wp-json\/wp\/v2\/types\/post"}],"author":[{"embeddable":true,"href":"https:\/\/www.ipsnews.net\/portuguese\/wp-json\/wp\/v2\/users\/421"}],"replies":[{"embeddable":true,"href":"https:\/\/www.ipsnews.net\/portuguese\/wp-json\/wp\/v2\/comments?post=1412"}],"version-history":[{"count":0,"href":"https:\/\/www.ipsnews.net\/portuguese\/wp-json\/wp\/v2\/posts\/1412\/revisions"}],"wp:attachment":[{"href":"https:\/\/www.ipsnews.net\/portuguese\/wp-json\/wp\/v2\/media?parent=1412"}],"wp:term":[{"taxonomy":"category","embeddable":true,"href":"https:\/\/www.ipsnews.net\/portuguese\/wp-json\/wp\/v2\/categories?post=1412"},{"taxonomy":"post_tag","embeddable":true,"href":"https:\/\/www.ipsnews.net\/portuguese\/wp-json\/wp\/v2\/tags?post=1412"}],"curies":[{"name":"wp","href":"https:\/\/api.w.org\/{rel}","templated":true}]}}