{"id":1436,"date":"2006-01-30T00:00:00","date_gmt":"2006-01-30T00:00:00","guid":{"rendered":"http:\/\/www.ipsnoticias.net\/portuguese\/?p=1436"},"modified":"2006-01-30T00:00:00","modified_gmt":"2006-01-30T00:00:00","slug":"forum-social-mundial-a-politizacao-na-berlinda","status":"publish","type":"post","link":"https:\/\/www.ipsnews.net\/portuguese\/2006\/01\/america-latina\/forum-social-mundial-a-politizacao-na-berlinda\/","title":{"rendered":"F\u00f3rum Social Mundial: A politiza\u00e7\u00e3o na berlinda"},"content":{"rendered":"<p>Caracas, 30\/01\/2006 &ndash; A pol\u00edtica, especialmente a partid\u00e1ria que alimenta a democracia representativa, est\u00e1 em crise, mas tampouco os movimentos que se abrigam sob guarda-chuvas como o F\u00f3rum Social Mundial fazem o suficiente para responder \u00e0s exig\u00eancias das sociedades onde atua. <!--more--> Este debate, que cruza transversalmente as discuss\u00f5es sobre os demais temas para os quais se convoca milhares de ativistas, foi colocado em v\u00e1rios f\u00f3runs dentro do FSM, neste sexto encontro da sociedade civil e de movimentos populares que terminou domingo em Caracas, com edi\u00e7\u00f5es na semana passada em Bamako e em mar\u00e7o em Karachi.            <\/p>\n<p>&quot;Este \u00e9 um f\u00f3rum pol\u00edtico, as organiza\u00e7\u00f5es participantes t\u00eam uma vis\u00e3o pol\u00edtica do mundo e de sua presen\u00e7a nele&quot;, disse \u00e0 IPS o professor de ci\u00eancias sociais Edgardo Lander, do comit\u00ea organizador venezuelano. A pol\u00edtica, segundo nossa Am\u00e9rica Latina, &quot;est\u00e1 em crise, e isso tem a ver com a falta de representa\u00e7\u00e3o do povo por parte dos designados. Os candidatos eleitos para cargos de governo na regi\u00e3o tendem mais a representarem a si mesmos do que aos interesses da sociedade&quot;, afirmou Pedro Santana, da organiza\u00e7\u00e3o colombiana Via Cidad\u00e3.<\/p>\n<p>Diante desta crise de representatividade &quot;\u00e9 que surgem os movimentos sociais como o feminismo, os ecologistas, os movimentos \u00e9tnicos, os grupos que lutam contra a discrimina\u00e7\u00e3o, entre outros&quot;, segundo Santana. Em alguns casos, &quot;estes movimentos demanda solu\u00e7\u00f5es e reivindica\u00e7\u00f5es diretamente ao Estado, j\u00e1 que a classe pol\u00edtica os ignora&quot;, insistiu. Juan Carlos Monedero, do Instituto Complutense de Estudos Internacionais, da Espanha, estimou que &quot;o div\u00f3rcio entre partidos pol\u00edticos e movimentos sociais se parece ao que houve entre reforma e revolu\u00e7\u00e3o e paralisou o pensamento transformador durante todo o s\u00e9culo XX&quot;.<\/p>\n<p>Para o especialista, &quot;os partidos pol\u00edticos s\u00e3o um mal necess\u00e1rio, e os movimentos sociais uma bondade contingente e corrupt\u00edvel. Hoje em dia, os partidos se comportam como um cartel, embora soe feio o nome, porque h\u00e1 muitas regras em jogo e quem n\u00e3o as cumpre fica de fora&quot;, explicou. Monedero identifica entre essas regras a perda das fun\u00e7\u00f5es tradicionais dos partidos, j\u00e1 que &quot;n\u00e3o socializam nem informam os cidad\u00e3os&quot;, mas utilizam os meios de comunica\u00e7\u00e3o como elemento de articula\u00e7\u00e3o do cartel. Como um exemplo da complexidade do exerc\u00edcio da democracia, utilizou as elei\u00e7\u00f5es parlamentares de dezembro na Venezuela, que registraram absten\u00e7\u00e3o de 75%, mas a pesquisa regional Latinobar\u00f4metro reflete que \u00e9 o pa\u00eds onde h\u00e1 maior confiabilidade no sistema democr\u00e1tico, com 70% dos consultados respondendo nesse sentido.<\/p>\n<p>Para Roberto S\u00e1vio, presidente em\u00e9rito e fundador da ag\u00eancia IPS, bem como do comit\u00ea internacional do FSM, &quot;na Am\u00e9rica Latina existe uma brecha total entre institui\u00e7\u00f5es pol\u00edticas e sociedade civil, e para fech\u00e1-la a sociedade civil deve se concentrar em agendas concretas&quot;. Isso porque, a seu ver, &quot;a regi\u00e3o vive em um p\u00eandulo da direita para a esquerda durante aproximadamente 20 anos e s\u00e3o geradas pol\u00edticas distintas em cada d\u00e9cada. A sociedade civil deve aproveitar estes anos&quot;, nos quais se registra a inclina\u00e7\u00e3o para o social. Para L\u00edlian Celiberti, da Articula\u00e7\u00e3o Feminina Marco Sul, do Uruguai, &quot;\u00e9 responsabilidade dos partidos incorporar as reivindica\u00e7\u00f5es e as lutas dos movimentos sociais, e \u00e9 importante que os governos criem mecanismos de participa\u00e7\u00e3o para que consigam transformar as demandas em pol\u00edticas p\u00fablicas&quot;.<\/p>\n<p>Os participantes do F\u00f3rum de Caracas, cerca de 70 mil pessoas pertencentes a aproximadamente 2.200 organiza\u00e7\u00f5es, discutiram junto com a dualidade sociedade civil-partidos pol\u00edticos a politiza\u00e7\u00e3o deste encontro, encerrado domingo, ou sua convers\u00e3o em catapulta de a\u00e7\u00f5es pol\u00edticas. O presidente anfitri\u00e3o, Hugo Ch\u00e1vez, disse a cerca de 15 mil participantes de uma reuni\u00e3o que &quot;seria nefasto o FSM se folclorizar, se converter em outro encontro tur\u00edstico. N\u00e3o entendo como se debate sem se chegar a uma conclus\u00e3o. Diante dos desafios do imp\u00e9rio, estamos perdendo tempo&quot;, disse.<\/p>\n<p>Santana comentou que &quot;um setor do FSM pensa que se trata de uma inst\u00e2ncia da sociedade civil que n\u00e3o deveria confundir-se com a sociedade pol\u00edtica e que deve reafirmar sua autonomia, mas sem negar-se a um di\u00e1logo cr\u00edtico para instrumentar as mudan\u00e7as que s\u00e3o discutidas neste espa\u00e7o&quot;. Outros, entretanto, acreditam que o F\u00f3rum &quot;deveria se manter sem deixar-se contaminar, porque percebem que a rela\u00e7\u00e3o com a pol\u00edtica \u00e9 pecaminosa, e os movimentos sociais s\u00e3o o sujeito hist\u00f3rico destinado a impulsionar as mudan\u00e7as&quot;. Em um ponto intermedi\u00e1rio &quot;est\u00e3o os que pensam que a partir da autonomia do FSM pode-se desenvolver uma linha p\u00fablica e clara da rela\u00e7\u00e3o do FSM e dos movimentos com a sociedade pol\u00edtica e com os governos&quot;. Mas j\u00e1 surgiram &quot;correntes que ap\u00f3iam a articula\u00e7\u00e3o do F\u00f3rum com partido pol\u00edtico, e acreditam que deve se transformar em um movimento desse tipo&quot;.<\/p>\n<p>S\u00e1vio recordou que o FSM &quot;nasceu com a no\u00e7\u00e3o de espa\u00e7o aberto para compartilhar, confrontar, aprender e criar redes entre organiza\u00e7\u00f5es. Isso funciona, mas creio que devemos redefini-lo para que haja menos dispers\u00e3o e mais discuss\u00e3o sobre os eixos principais do debate&quot;, ressaltou. Tamb\u00e9m reconheceu que &quot;cada dia se torna mais urgente agir sobre um tema. Os \u00faltimos cinco anos (desde os atentados terroristas de 11 de setembro de 2001 nos Estados Unidos) n\u00e3o foram positivos para as causas da paz, da justi\u00e7a e da coopera\u00e7\u00e3o internacional&quot;.<\/p>\n<p>Para S\u00e1vio, &quot;ficou mais dura a domina\u00e7\u00e3o dos interesses imperantes, existe uma debilidade da Organiza\u00e7\u00e3o das Na\u00e7\u00f5es Unidas. Culturalmente, a globaliza\u00e7\u00e3o n\u00e3o tem cr\u00e9dito, mas continua tendo elementos de poder e no cen\u00e1rio internacional imperam rela\u00e7\u00f5es de for\u00e7a&quot;, acrescentou. Entre as posi\u00e7\u00f5es extremas, de &quot;politiza\u00e7\u00e3o&quot; ou &quot;n\u00e3o-contamina\u00e7\u00e3o&quot;, S\u00e1vio aposta &quot; que as organiza\u00e7\u00f5es que participam do F\u00f3rum, e as que n\u00e3o participam, adotar\u00e3o propostas concretas de governabilidade sobre temas espec\u00edficos, com uma agenda concreta de a\u00e7\u00f5es&quot;. (IPS\/Envolverde)<\/p>\n","protected":false},"excerpt":{"rendered":"<p>Caracas, 30\/01\/2006 &ndash; A pol\u00edtica, especialmente a partid\u00e1ria que alimenta a democracia representativa, est\u00e1 em crise, mas tampouco os movimentos que se abrigam sob guarda-chuvas como o F\u00f3rum Social Mundial fazem o suficiente para responder \u00e0s exig\u00eancias das sociedades onde atua. <a href=\"https:\/\/www.ipsnews.net\/portuguese\/2006\/01\/america-latina\/forum-social-mundial-a-politizacao-na-berlinda\/\" class=\"more-link\">Continue Reading <span class=\"meta-nav\">&rarr;<\/span><\/a><\/p>\n","protected":false},"author":90,"featured_media":0,"comment_status":"open","ping_status":"open","sticky":false,"template":"","format":"standard","meta":{"footnotes":""},"categories":[2,5,9,4],"tags":[],"class_list":["post-1436","post","type-post","status-publish","format-standard","hentry","category-america-latina","category-economia","category-globalizacao","category-mundo"],"_links":{"self":[{"href":"https:\/\/www.ipsnews.net\/portuguese\/wp-json\/wp\/v2\/posts\/1436","targetHints":{"allow":["GET"]}}],"collection":[{"href":"https:\/\/www.ipsnews.net\/portuguese\/wp-json\/wp\/v2\/posts"}],"about":[{"href":"https:\/\/www.ipsnews.net\/portuguese\/wp-json\/wp\/v2\/types\/post"}],"author":[{"embeddable":true,"href":"https:\/\/www.ipsnews.net\/portuguese\/wp-json\/wp\/v2\/users\/90"}],"replies":[{"embeddable":true,"href":"https:\/\/www.ipsnews.net\/portuguese\/wp-json\/wp\/v2\/comments?post=1436"}],"version-history":[{"count":0,"href":"https:\/\/www.ipsnews.net\/portuguese\/wp-json\/wp\/v2\/posts\/1436\/revisions"}],"wp:attachment":[{"href":"https:\/\/www.ipsnews.net\/portuguese\/wp-json\/wp\/v2\/media?parent=1436"}],"wp:term":[{"taxonomy":"category","embeddable":true,"href":"https:\/\/www.ipsnews.net\/portuguese\/wp-json\/wp\/v2\/categories?post=1436"},{"taxonomy":"post_tag","embeddable":true,"href":"https:\/\/www.ipsnews.net\/portuguese\/wp-json\/wp\/v2\/tags?post=1436"}],"curies":[{"name":"wp","href":"https:\/\/api.w.org\/{rel}","templated":true}]}}