{"id":14864,"date":"2008-09-15T00:00:00","date_gmt":"2008-09-15T00:00:00","guid":{"rendered":"http:\/\/www.ipsnoticias.net\/portuguese\/?p=14864"},"modified":"2008-09-15T00:00:00","modified_gmt":"2008-09-15T00:00:00","slug":"ecobreves-chile-avanca-lei-sobre-floresta-nativa","status":"publish","type":"post","link":"https:\/\/www.ipsnews.net\/portuguese\/2008\/09\/ambiente\/ecobreves-chile-avanca-lei-sobre-floresta-nativa\/","title":{"rendered":"Ecobreves &#8211; CHILE: Avan\u00e7a lei sobre floresta nativa"},"content":{"rendered":"<p>O Minist\u00e9rio de Agricultura do Chile abriu, at\u00e9 o dia 29 deste m\u00eas, uma convoca\u00e7\u00e3o para candidatura ao Conselho Consultivo da Lei de Recupera\u00e7\u00e3o de Floresta Nativa, publicada no Di\u00e1rio Oficial de 30 de julho. <!--more--> Os convidados s\u00e3o representantes de organiza\u00e7\u00f5es n\u00e3o-governamentais com experi\u00eancia em floresta nativa, de universidades, sindicatos, cooperativas de pequenos, m\u00e9dios e grandes propriet\u00e1rios e associa\u00e7\u00f5es de donos de \u00c1reas Silvestres Protegidas Privadas.<\/p>\n<p>O presidente da Agrupamento de Engenheiros Florestais pela Floresta Nativa, Carlos Poblete, saudou o cumprimento dos prazos estabelecidos na lei. \u201c\u00c9 um tema urgente. Esperamos 15 anos para que a lei fosse aprovada\u201d, disse ao Terram\u00e9rica.<\/p>\n<p>Os integrantes do Conselho, com mandato de tr\u00eas anos sem remunera\u00e7\u00e3o, dever\u00e3o se pronunciar sobre o regulamento em elabora\u00e7\u00e3o, entre outras tarefas.<\/p>\n","protected":false},"excerpt":{"rendered":"<p>O Minist\u00e9rio de Agricultura do Chile abriu, at\u00e9 o dia 29 deste m\u00eas, uma convoca\u00e7\u00e3o para candidatura ao Conselho Consultivo da Lei de Recupera\u00e7\u00e3o de Floresta Nativa, publicada no Di\u00e1rio Oficial de 30 de julho.<\/p>\n","protected":false},"author":421,"featured_media":0,"comment_status":"open","ping_status":"open","sticky":false,"template":"","format":"standard","meta":{"footnotes":""},"categories":[8,12,978],"tags":[],"class_list":["post-14864","post","type-post","status-publish","format-standard","hentry","category-ambiente","category-desenvolvimento","category-terramerica"],"_links":{"self":[{"href":"https:\/\/www.ipsnews.net\/portuguese\/wp-json\/wp\/v2\/posts\/14864","targetHints":{"allow":["GET"]}}],"collection":[{"href":"https:\/\/www.ipsnews.net\/portuguese\/wp-json\/wp\/v2\/posts"}],"about":[{"href":"https:\/\/www.ipsnews.net\/portuguese\/wp-json\/wp\/v2\/types\/post"}],"author":[{"embeddable":true,"href":"https:\/\/www.ipsnews.net\/portuguese\/wp-json\/wp\/v2\/users\/421"}],"replies":[{"embeddable":true,"href":"https:\/\/www.ipsnews.net\/portuguese\/wp-json\/wp\/v2\/comments?post=14864"}],"version-history":[{"count":0,"href":"https:\/\/www.ipsnews.net\/portuguese\/wp-json\/wp\/v2\/posts\/14864\/revisions"}],"wp:attachment":[{"href":"https:\/\/www.ipsnews.net\/portuguese\/wp-json\/wp\/v2\/media?parent=14864"}],"wp:term":[{"taxonomy":"category","embeddable":true,"href":"https:\/\/www.ipsnews.net\/portuguese\/wp-json\/wp\/v2\/categories?post=14864"},{"taxonomy":"post_tag","embeddable":true,"href":"https:\/\/www.ipsnews.net\/portuguese\/wp-json\/wp\/v2\/tags?post=14864"}],"curies":[{"name":"wp","href":"https:\/\/api.w.org\/{rel}","templated":true}]}}