{"id":14888,"date":"2008-10-27T00:00:00","date_gmt":"2008-10-27T00:00:00","guid":{"rendered":"http:\/\/www.ipsnoticias.net\/portuguese\/?p=14888"},"modified":"2008-10-27T00:00:00","modified_gmt":"2008-10-27T00:00:00","slug":"ecobreves-global-dia-da-onu-dedicado-a-mudanca-climatica","status":"publish","type":"post","link":"https:\/\/www.ipsnews.net\/portuguese\/2008\/10\/ambiente\/ecobreves-global-dia-da-onu-dedicado-a-mudanca-climatica\/","title":{"rendered":"Ecobreves &#8211; GLOBAL: Dia da ONU dedicado \u00e0 mudan\u00e7a clim\u00e1tica"},"content":{"rendered":"<p>As a\u00e7\u00f5es poss\u00edveis para enfrentar a mudan\u00e7a clim\u00e1tica foram o tema central do Dia da ONU, celebrado no dia 24 deste m\u00eas, com um semin\u00e1rio na sede da Universidade das Na\u00e7\u00f5es Unidas, no Jap\u00e3o. <!--more--> Em todo o mundo foram realizadas atividades de divulga\u00e7\u00e3o, dirigidas a todos os p\u00fablicos.<\/p>\n<p>A cada 24 de outubro se comemora a funda\u00e7\u00e3o da Organiza\u00e7\u00e3o das Na\u00e7\u00f5es Unidas, em 1945. \u201cMudan\u00e7a clim\u00e1tica: o que podemos fazer\u201d \u00e9 o lema deste ano, adotado para ajudar a popula\u00e7\u00e3o mundial a compreender melhor os desafios que representam o aquecimento global e a variedade de atividades que as ag\u00eancias da ONU empreendem para enfrentar suas m\u00faltiplas manifesta\u00e7\u00f5es.<\/p>\n<p>\u201cO dano da mudan\u00e7a clim\u00e1tica tem impacto na vida humana compar\u00e1vel a uma guerra\u2019, disse o secret\u00e1rio-geral das Na\u00e7\u00f5es Unidas, Ban Ki-moon .<\/p>\n","protected":false},"excerpt":{"rendered":"<p>As a\u00e7\u00f5es poss\u00edveis para enfrentar a mudan\u00e7a clim\u00e1tica foram o tema central do Dia da ONU, celebrado no dia 24 deste m\u00eas, com um semin\u00e1rio na sede da Universidade das Na\u00e7\u00f5es Unidas, no Jap\u00e3o.<\/p>\n","protected":false},"author":421,"featured_media":0,"comment_status":"open","ping_status":"open","sticky":false,"template":"","format":"standard","meta":{"footnotes":""},"categories":[8,12,978],"tags":[],"class_list":["post-14888","post","type-post","status-publish","format-standard","hentry","category-ambiente","category-desenvolvimento","category-terramerica"],"_links":{"self":[{"href":"https:\/\/www.ipsnews.net\/portuguese\/wp-json\/wp\/v2\/posts\/14888","targetHints":{"allow":["GET"]}}],"collection":[{"href":"https:\/\/www.ipsnews.net\/portuguese\/wp-json\/wp\/v2\/posts"}],"about":[{"href":"https:\/\/www.ipsnews.net\/portuguese\/wp-json\/wp\/v2\/types\/post"}],"author":[{"embeddable":true,"href":"https:\/\/www.ipsnews.net\/portuguese\/wp-json\/wp\/v2\/users\/421"}],"replies":[{"embeddable":true,"href":"https:\/\/www.ipsnews.net\/portuguese\/wp-json\/wp\/v2\/comments?post=14888"}],"version-history":[{"count":0,"href":"https:\/\/www.ipsnews.net\/portuguese\/wp-json\/wp\/v2\/posts\/14888\/revisions"}],"wp:attachment":[{"href":"https:\/\/www.ipsnews.net\/portuguese\/wp-json\/wp\/v2\/media?parent=14888"}],"wp:term":[{"taxonomy":"category","embeddable":true,"href":"https:\/\/www.ipsnews.net\/portuguese\/wp-json\/wp\/v2\/categories?post=14888"},{"taxonomy":"post_tag","embeddable":true,"href":"https:\/\/www.ipsnews.net\/portuguese\/wp-json\/wp\/v2\/tags?post=14888"}],"curies":[{"name":"wp","href":"https:\/\/api.w.org\/{rel}","templated":true}]}}