{"id":14968,"date":"2009-03-16T00:00:00","date_gmt":"2009-03-16T00:00:00","guid":{"rendered":"http:\/\/www.ipsnoticias.net\/portuguese\/?p=14968"},"modified":"2009-03-16T00:00:00","modified_gmt":"2009-03-16T00:00:00","slug":"ecobreves-mexico-refrigeradores-verdes-chegam-com-atraso","status":"publish","type":"post","link":"https:\/\/www.ipsnews.net\/portuguese\/2009\/03\/ambiente\/ecobreves-mexico-refrigeradores-verdes-chegam-com-atraso\/","title":{"rendered":"Ecobreves &#8211; M\u00c9XICO: Refrigeradores verdes chegam com atraso"},"content":{"rendered":"<p>Refrigeradores a g\u00e1s propano e butano, que n\u00e3o geram impacto no clima nem destroem a camada de oz\u00f4nio, come\u00e7aram a ser vendidos este m\u00eas no M\u00e9xico. <!--more--> \u201cComemoramos o fato de a tecnologia Greenfreeze finalmente tenha chegado, tomara que seja adotada pelas firmas locais dominantes da \u00e1rea de fabrica\u00e7\u00e3o de geladeiras\u201d, disse ao Terram\u00e9rica Gustavo Ampugnani, diretor de campanhas do escrit\u00f3rio mexicano do Greenpeace.<\/p>\n<p>O Greenfreeze foi criado pelo Greenpeace Internacional h\u00e1 mais de uma d\u00e9cada, explicou. Trata-se de uma tecnologia existente desde os anos 90, mas a fabricante Mabe, associada \u00e0 General Electric e que domina o mercado mexicano n\u00e3o havia demonstrado interesse nela.<\/p>\n<p>\u201cEsperamos que, pelo bem do meio ambiente, agora seja considerada\u201d, disse Ampugnani.<\/p>\n<p>Os novos refrigeradores s\u00e3o fabricados pela firma alem\u00e3 Bosch e importados da Gr\u00e9cia por empresas nacionais.<\/p>\n","protected":false},"excerpt":{"rendered":"<p>Refrigeradores a g\u00e1s propano e butano, que n\u00e3o geram impacto no clima nem destroem a camada de oz\u00f4nio, come\u00e7aram a ser vendidos este m\u00eas no M\u00e9xico.<\/p>\n","protected":false},"author":421,"featured_media":0,"comment_status":"open","ping_status":"open","sticky":false,"template":"","format":"standard","meta":{"footnotes":""},"categories":[8,12,978],"tags":[],"class_list":["post-14968","post","type-post","status-publish","format-standard","hentry","category-ambiente","category-desenvolvimento","category-terramerica"],"_links":{"self":[{"href":"https:\/\/www.ipsnews.net\/portuguese\/wp-json\/wp\/v2\/posts\/14968","targetHints":{"allow":["GET"]}}],"collection":[{"href":"https:\/\/www.ipsnews.net\/portuguese\/wp-json\/wp\/v2\/posts"}],"about":[{"href":"https:\/\/www.ipsnews.net\/portuguese\/wp-json\/wp\/v2\/types\/post"}],"author":[{"embeddable":true,"href":"https:\/\/www.ipsnews.net\/portuguese\/wp-json\/wp\/v2\/users\/421"}],"replies":[{"embeddable":true,"href":"https:\/\/www.ipsnews.net\/portuguese\/wp-json\/wp\/v2\/comments?post=14968"}],"version-history":[{"count":0,"href":"https:\/\/www.ipsnews.net\/portuguese\/wp-json\/wp\/v2\/posts\/14968\/revisions"}],"wp:attachment":[{"href":"https:\/\/www.ipsnews.net\/portuguese\/wp-json\/wp\/v2\/media?parent=14968"}],"wp:term":[{"taxonomy":"category","embeddable":true,"href":"https:\/\/www.ipsnews.net\/portuguese\/wp-json\/wp\/v2\/categories?post=14968"},{"taxonomy":"post_tag","embeddable":true,"href":"https:\/\/www.ipsnews.net\/portuguese\/wp-json\/wp\/v2\/tags?post=14968"}],"curies":[{"name":"wp","href":"https:\/\/api.w.org\/{rel}","templated":true}]}}