{"id":15241,"date":"2010-08-02T00:00:00","date_gmt":"2010-08-02T00:00:00","guid":{"rendered":"http:\/\/www.ipsnoticias.net\/portuguese\/?p=15241"},"modified":"2010-08-02T00:00:00","modified_gmt":"2010-08-02T00:00:00","slug":"ecobreves-america-latina-mineracao-de-fronteira-tem-julgamento-etico","status":"publish","type":"post","link":"https:\/\/www.ipsnews.net\/portuguese\/2010\/08\/ambiente\/ecobreves-america-latina-mineracao-de-fronteira-tem-julgamento-etico\/","title":{"rendered":"Ecobreves &#8211; AM\u00c9RICA LATINA: Minera\u00e7\u00e3o de fronteira tem julgamento \u00e9tico"},"content":{"rendered":"<p>O Primeiro Tribunal \u00c9tico sobre Minera\u00e7\u00e3o de Fronteira na Am\u00e9rica Latina, examinar\u00e1 os casos Argentina-Chile, Bol\u00edvia-Brasil e Equador-Peru em sua sess\u00e3o de 30 de setembro na capital chilena. <!--more--> As comunidades e institui\u00e7\u00f5es interessadas em participar podem apresentar suas den\u00fancias pelo site conflictosmineros@conflictosmineros.net at\u00e9 dia 15 deste m\u00eas.<\/p>\n<p>Os organizadores s\u00e3o A\u00e7\u00e3o Ecol\u00f3gica do Equador, CooperAcci\u00f3n do Peru, F\u00f3rum Boliviano sobre Meio Ambiente e Desenvolvimento, Observat\u00f3rio de Conflitos na Minera\u00e7\u00e3o da Am\u00e9rica Latina e Observat\u00f3rio Latino-Americano de Conflitos Ambientais do Chile (Olca).<\/p>\n<p>\u201cQueremos fazer este julgamento \u00e9tico contra uma mineradora multinacional que n\u00e3o respeita nada, nem \u00e1reas protegidas, nem povos ind\u00edgenas, nem ecossistemas fr\u00e1geis, para entender suas opera\u00e7\u00f5es e tornar vis\u00edvel esta nova realidade da expans\u00e3o mineradora nas fronteiras dos dois pa\u00edses da regi\u00e3o\u201d, disse ao Terram\u00e9rica o diretor da Olca, Lucio Cuenca.<\/p>\n","protected":false},"excerpt":{"rendered":"<p>O Primeiro Tribunal \u00c9tico sobre Minera\u00e7\u00e3o de Fronteira na Am\u00e9rica Latina, examinar\u00e1 os casos Argentina-Chile, Bol\u00edvia-Brasil e Equador-Peru em sua sess\u00e3o de 30 de setembro na capital chilena.<\/p>\n","protected":false},"author":421,"featured_media":0,"comment_status":"open","ping_status":"open","sticky":false,"template":"","format":"standard","meta":{"footnotes":""},"categories":[8,12,978],"tags":[],"class_list":["post-15241","post","type-post","status-publish","format-standard","hentry","category-ambiente","category-desenvolvimento","category-terramerica"],"_links":{"self":[{"href":"https:\/\/www.ipsnews.net\/portuguese\/wp-json\/wp\/v2\/posts\/15241","targetHints":{"allow":["GET"]}}],"collection":[{"href":"https:\/\/www.ipsnews.net\/portuguese\/wp-json\/wp\/v2\/posts"}],"about":[{"href":"https:\/\/www.ipsnews.net\/portuguese\/wp-json\/wp\/v2\/types\/post"}],"author":[{"embeddable":true,"href":"https:\/\/www.ipsnews.net\/portuguese\/wp-json\/wp\/v2\/users\/421"}],"replies":[{"embeddable":true,"href":"https:\/\/www.ipsnews.net\/portuguese\/wp-json\/wp\/v2\/comments?post=15241"}],"version-history":[{"count":0,"href":"https:\/\/www.ipsnews.net\/portuguese\/wp-json\/wp\/v2\/posts\/15241\/revisions"}],"wp:attachment":[{"href":"https:\/\/www.ipsnews.net\/portuguese\/wp-json\/wp\/v2\/media?parent=15241"}],"wp:term":[{"taxonomy":"category","embeddable":true,"href":"https:\/\/www.ipsnews.net\/portuguese\/wp-json\/wp\/v2\/categories?post=15241"},{"taxonomy":"post_tag","embeddable":true,"href":"https:\/\/www.ipsnews.net\/portuguese\/wp-json\/wp\/v2\/tags?post=15241"}],"curies":[{"name":"wp","href":"https:\/\/api.w.org\/{rel}","templated":true}]}}