{"id":1528,"date":"2006-03-01T00:00:00","date_gmt":"2006-03-01T00:00:00","guid":{"rendered":"http:\/\/www.ipsnoticias.net\/portuguese\/?p=1528"},"modified":"2006-03-01T00:00:00","modified_gmt":"2006-03-01T00:00:00","slug":"saude-psicose-na-europa-por-causa-da-gripe-aviaria","status":"publish","type":"post","link":"https:\/\/www.ipsnews.net\/portuguese\/2006\/03\/mundo\/saude-psicose-na-europa-por-causa-da-gripe-aviaria\/","title":{"rendered":"Sa\u00fade: Psicose na Europa por causa da gripe avi\u00e1ria"},"content":{"rendered":"<p>PARIS.-, 01\/03\/2006 &ndash; A multiplica\u00e7\u00e3o de casos de aves selvagens infectadas com o v\u00edrus da gripe avi\u00e1ria, em pelo menos sete pa\u00edses da Uni\u00e3o Europ\u00e9ia, est\u00e1 provocando uma psicose no continente, com uma dr\u00e1stica redu\u00e7\u00e3o no consumo carne de aves dom\u00e9sticas e numerosos registros de novos focos. <!--more--> Na Fran\u00e7a, as vendas de produtos av\u00edcolas ca\u00edram mais de 30% desde o dia 13 de fevereiro, quando se registrou o primeiro caso de um pato selvagem infectado com o v\u00edrus H5N1, em Joyeux, cerca de 500 quil\u00f4metros a sudeste de Paris.<\/p>\n<p>&quot;A queda no consumo se tornou not\u00e1vel durante o fim de semana de 18 e 19 de fevereiro&quot;, disse ao Terram\u00e9rica J\u00e9r\u00f4me B\u00e9dier, presidente da federa\u00e7\u00e3o francesa de comerciantes, que re\u00fane as principais redes de supermercados do pa\u00eds. &quot;O produto mais afetado \u00e9 o frango inteiro, mas o baixo consumo tamb\u00e9m afeta pratos preparados com base em aves dom\u00e9sticas&quot;, acrescentou. A Organiza\u00e7\u00e3o Mundial da Sa\u00fade procurou acalmar os \u00e2nimos, explicando que, segundo a evid\u00eancia cient\u00edfica atual, a carne de ave dom\u00e9stica devidamente cozida n\u00e3o \u00e9 perigosa, porque o cozimento deixa o H5N1 inativo.<\/p>\n<p>Os ovos, que tamb\u00e9m podem conter o v\u00edrus em sua casca e em seu interior, tampouco devem ser consumidos crus ou passados por \u00e1gua nas zonas afetadas por um foco. O mais perigoso \u00e9 manipular aves enfermas, vivas ou mortas. A maioria dos cont\u00e1gios em humanos aconteceu por este tipo de contato direto com aves infectadas, sobretudo durante o sacrif\u00edcio. &quot;Desde 17 de fevereiro, nossos servi\u00e7os recebem mais de tr\u00eas mil liga\u00e7\u00f5es por dia, de pessoas informando sobre aves mortas ou preocupadas com as pombas que pousam em suas varandas&quot;, disse o ministro franc\u00eas da Sa\u00fade, Xavier Bertrand. &quot;O normal \u00e9 recebermos cerca de 30 alarmes por dia&quot;, acrescentou. <\/p>\n<p>Bertrand insistiu em que a Fran\u00e7a, que registrou aves infectadas junto com \u00c1ustria, Alemanha, Eslov\u00eania, Gr\u00e9cia, Hungria e It\u00e1lia, disp\u00f5e de um sistema de precau\u00e7\u00e3o eficiente e que o risco de transmiss\u00e3o da doen\u00e7a para o ser humano \u00e9 pequeno. At\u00e9 hoje, a OMS identificou, em todo o mundo desde que a epidemia come\u00e7ou no Vietn\u00e3, em 2003, 170 casos de cont\u00e1gio em seres humanos, dos quais 92 mortais. O verdadeiro temor da organiza\u00e7\u00e3o \u00e9 que o v\u00edrus sofra muta\u00e7\u00e3o para outro capaz de favorecer o cont\u00e1gio entre humanos. <\/p>\n<p>A Uni\u00e3o Europ\u00e9ia j\u00e1 autorizou, no dia 22 de fevereiro, Fran\u00e7a e Holanda a vacinar suas aves dom\u00e9sticas contra o v\u00edrus, em regi\u00f5es espec\u00edficas e em condi\u00e7\u00f5es estritas. Por\u00e9m, a vacina\u00e7\u00e3o generalizada \u00e9 considerada perigosa, pois a vacina, embora iniba o desenvolvimento da doen\u00e7a nos animais imunizados, impede diferenciar os s\u00e3os dos infectados. Por isto a Uni\u00e3o Europ\u00e9ia proibia a vacina\u00e7\u00e3o at\u00e9 essa data. &quot;Animais vacinados que foram infectados permanecem s\u00e3os, mas levam o v\u00edrus no organismo e podem transmiti-lo facilmente&quot;, disse ao Terram\u00e9rica Thomas Mettenleiter, diretor do Instituto Friedrich Loeffler para a pesquisa virol\u00f3gica e veterin\u00e1ria da Alemanha. &quot;O v\u00edrus, confrontado com anticorpos, reage e muta. Por isso a vacina\u00e7\u00e3o em massa de aves seria um erro&quot;, afirmou.<\/p>\n<p>A Fran\u00e7a tamb\u00e9m instalou centros de observa\u00e7\u00e3o em regi\u00f5es espec\u00edficas do pa\u00eds, onde a cria\u00e7\u00e3o de aves \u00e9 particularmente alta, e intensificou os controles nos aeroportos e portos internacionais, para evitar a entrada de aves procedentes de pa\u00edses n\u00e3o-europeus afetados pela gripe do frango. No outono passado, a Fran\u00e7a suspendeu a importa\u00e7\u00e3o de aves e derivados como penas, destes mesmo pa\u00edses. Medidas semelhantes foram adotadas em outros pa\u00edses da Europa, especialmente nos sete onde o v\u00edrus foi identificado. <\/p>\n<p>A Alemanha \u00e9 hoje o pa\u00eds europeu mais afetado pela infec\u00e7\u00e3o de aves selvagens com o v\u00edrus H5N1. Na ilha de R\u00fcgen, no Mar B\u00e1ltico, nordeste do pa\u00eds, as autoridades identificaram mais de cem aves selvagens mortas infectadas, como cisnes, gansos, patos e, inclusive, uma \u00e1guia-de-asa-redonda (Buteo buteo). Outras foram encontradas no continente, no litoral do B\u00e1ltico. Toda a regi\u00e3o foi declarada de cat\u00e1strofe. No total, as autoridades alem\u00e3s recuperaram mais de dois mil cad\u00e1veres de aves selvagens. O H5N1 foi identificado em 6% deles. Como precau\u00e7\u00e3o, o governo alem\u00e3o ordenou o sacrif\u00edcio de mais de tr\u00eas mil aves. Centenas de soldados com roupa de prote\u00e7\u00e3o, continuam patrulhando o litoral do Mar B\u00e1ltico em busca de cad\u00e1veres de p\u00e1ssaros selvagens.<\/p>\n<p>A descoberta dos animais infectados em R\u00fcgen reabriu na Alemanha a discuss\u00e3o sobre os riscos de uma pandemia gripal no ser humano. De acordo com dados do Instituto Roberto Koch para doen\u00e7as pulmonares, a mesma provocaria at\u00e9 160 mil mortes apenas na Alemanha. O p\u00e2nico \u00e9 tal que personalidades pol\u00edticas alem\u00e3s sugeriram a suspens\u00e3o do campeonato mundial de futebol, programado para o meio do ano. O diretor do programa contra a gripe avi\u00e1ria da OMS, Klaus Store, apoiou essa id\u00e9ia. &quot;Se uma pandemia chegar a explodir at\u00e9 o ver\u00e3o, o governo alem\u00e3o deveria ter a coragem de suspender o campeonato&quot;, afirmou.<\/p>\n<p>* O autor \u00e9 correspondente da IPS.<\/p>\n<p>Artigo produzido para o Terram\u00e9rica, projeto de comunica\u00e7\u00e3o dos Programas das Na\u00e7\u00f5es Unidas para o Meio Ambiente (Pnuma) e para o Desenvolvimento (Pnud), realizado pela Inter Press Service (IPS) e distribu\u00eddo pela Ag\u00eancia Envolverde.<\/p>\n","protected":false},"excerpt":{"rendered":"<p>PARIS.-, 01\/03\/2006 &ndash; A multiplica\u00e7\u00e3o de casos de aves selvagens infectadas com o v\u00edrus da gripe avi\u00e1ria, em pelo menos sete pa\u00edses da Uni\u00e3o Europ\u00e9ia, est\u00e1 provocando uma psicose no continente, com uma dr\u00e1stica redu\u00e7\u00e3o no consumo carne de aves dom\u00e9sticas e numerosos registros de novos focos. <a href=\"https:\/\/www.ipsnews.net\/portuguese\/2006\/03\/mundo\/saude-psicose-na-europa-por-causa-da-gripe-aviaria\/\" class=\"more-link\">Continue Reading <span class=\"meta-nav\">&rarr;<\/span><\/a><\/p>\n","protected":false},"author":109,"featured_media":0,"comment_status":"open","ping_status":"open","sticky":false,"template":"","format":"standard","meta":{"footnotes":""},"categories":[4,7],"tags":[],"class_list":["post-1528","post","type-post","status-publish","format-standard","hentry","category-mundo","category-saude"],"_links":{"self":[{"href":"https:\/\/www.ipsnews.net\/portuguese\/wp-json\/wp\/v2\/posts\/1528","targetHints":{"allow":["GET"]}}],"collection":[{"href":"https:\/\/www.ipsnews.net\/portuguese\/wp-json\/wp\/v2\/posts"}],"about":[{"href":"https:\/\/www.ipsnews.net\/portuguese\/wp-json\/wp\/v2\/types\/post"}],"author":[{"embeddable":true,"href":"https:\/\/www.ipsnews.net\/portuguese\/wp-json\/wp\/v2\/users\/109"}],"replies":[{"embeddable":true,"href":"https:\/\/www.ipsnews.net\/portuguese\/wp-json\/wp\/v2\/comments?post=1528"}],"version-history":[{"count":0,"href":"https:\/\/www.ipsnews.net\/portuguese\/wp-json\/wp\/v2\/posts\/1528\/revisions"}],"wp:attachment":[{"href":"https:\/\/www.ipsnews.net\/portuguese\/wp-json\/wp\/v2\/media?parent=1528"}],"wp:term":[{"taxonomy":"category","embeddable":true,"href":"https:\/\/www.ipsnews.net\/portuguese\/wp-json\/wp\/v2\/categories?post=1528"},{"taxonomy":"post_tag","embeddable":true,"href":"https:\/\/www.ipsnews.net\/portuguese\/wp-json\/wp\/v2\/tags?post=1528"}],"curies":[{"name":"wp","href":"https:\/\/api.w.org\/{rel}","templated":true}]}}