{"id":1529,"date":"2006-03-01T00:00:00","date_gmt":"2006-03-01T00:00:00","guid":{"rendered":"http:\/\/www.ipsnoticias.net\/portuguese\/?p=1529"},"modified":"2006-03-01T00:00:00","modified_gmt":"2006-03-01T00:00:00","slug":"colombia-governo-e-eln-continuarao-dialogo-em-cuba","status":"publish","type":"post","link":"https:\/\/www.ipsnews.net\/portuguese\/2006\/03\/america-latina\/colombia-governo-e-eln-continuarao-dialogo-em-cuba\/","title":{"rendered":"Col\u00f4mbia: Governo e ELN continuar\u00e3o di\u00e1logo em Cuba"},"content":{"rendered":"<p>Havana, 01\/03\/2006 &ndash; Um novo compasso de espera ficou aberto depois do encerramento da segunda fase do di\u00e1logo explorat\u00f3rio com vistas a um processo de paz entre os delegados do governo da Col\u00f4mbia e o Ex\u00e9rcito de Liberta\u00e7\u00e3o Nacional (ELN), reunidos em Havana. A rodada de conversa\u00e7\u00f5es, aberta no \u00faltimo dia 17, terminou &quot;de maneira satisfat\u00f3ria&quot; e com o acordo de continuarem em abril, segundo um comunicado conjunto divulgado segunda-feira por Luis Carlos Restrepo, comiss\u00e1rio de Paz do presidente colombiano, o direitista \u00c1lvaro Uribe, e Antonio Garc\u00eda, chefe militar do esquerdista ELN. <!--more--> &quot;Ainda n\u00e3o podemos dizer que formalmente esteja em andamento um processo de conversa\u00e7\u00f5es, estamos na fase explorat\u00f3ria e somente na medida em que avan\u00e7ar o projeto do processo e a forma\u00e7\u00e3o da agenda poderemos passar para uma fase propriamente formal das conversa\u00e7\u00f5es&quot;, explicou Garc\u00eda. Por sua vez, Restrepo considerou &quot;muito importante&quot; poderem se ouvir mutuamente e se conhecer o ponto de vista de cada parte a fim de se preparar para uma terceira rodada com &quot;documentos mais elaborados&quot; e sustent\u00e1veis que &quot;eventualmente nos permitam ir avan\u00e7ado rumo a acordos&quot;.<\/p>\n<p>&quot;\u00c9 o natural destes processos, primeiro haver uma escuta m\u00fatua, para dar lugar a avan\u00e7os e pode dizer sobre o que estamos de acordo e que caminho podemos abrir conjuntamente&quot;, destacou o comiss\u00e1rio. Na sexta-feira, Restrepo e Garc\u00eda romperam o silencia mantido at\u00e9 esse momento para anunciar que o governo de Uribe reconhece a qualidade de &quot;membro representante&quot; aos integrantes da delega\u00e7\u00e3o do ELN, de conformidade com a lei 782 de 2002, a fim de criar um clima de confian\u00e7a &quot;necess\u00e1rio para avan\u00e7ar&quot;.<\/p>\n<p>Essa figura jur\u00eddica d\u00e1 garantias de seguran\u00e7a dentro do territ\u00f3rio colombiano a Garc\u00eda, Francisco Gal\u00e1n, comiss\u00e1rio do ELN nos contatos de paz, e Ramiro Vargas, tamb\u00e9m membro do Comando Central dessa guerrilha, todos part\u00edcipes das conversa\u00e7\u00f5es com Restrepo iniciadas em dezembro de 2005, tamb\u00e9m em Havana. As duas partes tamb\u00e9m acertaram criar um mecanismo alternativo e complementar \u00e0 mesa do di\u00e1logo para discutir e dar solu\u00e7\u00f5es a problemas que surjam no curso das conversa\u00e7\u00f5es, o que, para os analistas, permitiu &quot;tirar do di\u00e1logo problemas conjunturais e concentrar-se no essencial&quot;.<\/p>\n<p>As duas decis\u00f5es contribu\u00edram para dar &quot;estabilidade \u00e0 mesa&quot;, uma vez superados momentos cr\u00edticos nos primeiros dias de reuni\u00e3o, sobre os quais Restrepo e Garc\u00eda n\u00e3o quiseram dar detalhes. Vemos um evidente &quot;ganho&quot; no fato de conseguirmos abordar temas dif\u00edceis, estabilizar a mesa, consolidar uma rotina de trabalho, p\u00f4r em marcha procedimentos que enrique\u00e7am o cen\u00e1rio de di\u00e1logo e que se v\u00e1 ganhando uma confian\u00e7a para o pertinente, &quot;que \u00e9, precisamente, poder avan\u00e7ar neste processo&quot;, disse Restrepo.<\/p>\n<p>Garc\u00eda, por sua vez, disse que a primeira rodada foi &quot;uma manifesta\u00e7\u00e3o de vontade&quot; do ELN e do governo em iniciar um processo de paz que permita buscar uma sa\u00edda pol\u00edtica para o conflito. &quot;Nesta segunda fase avan\u00e7amos no que pode ser a estabiliza\u00e7\u00e3o da mesa&quot;, disse Garc\u00eda. O chefe guerrilheiro tamb\u00e9m insistiu em que o reconhecimento dos delegados do ELN como atores pol\u00edticos do di\u00e1logo permitia mais fluidez \u00e0 delega\u00e7\u00e3o para uma interlocu\u00e7\u00e3o dessa organiza\u00e7\u00e3o com o pa\u00eds, os setores da sociedade e a comunidade internacional.<\/p>\n<p>Tamb\u00e9m esclareceu que no imediato n\u00e3o pensa em viajar \u00e0 Col\u00f4mbia. &quot;No momento, vou continuar em atividades pr\u00f3prias do processo de paz, conversando algumas coisas que interessam para estabilizar o processo&quot;, disse Garc\u00eda, com fama de manter posi\u00e7\u00f5es mais &quot;duras&quot; dentro de sua organiza\u00e7\u00e3o. O di\u00e1logo foi seguido de perto por diplomatas da Espanha, Su\u00ed\u00e7a e Noruega, como pa\u00edses acompanhantes, e precedido de reuni\u00f5es bilaterais de Garc\u00eda com delega\u00e7\u00f5es estudantis, sindicais, camponesas e de outros setores da sociedade colombiana.<\/p>\n<p>&quot;Queremos uma sa\u00edda pol\u00edtica para o conflito e viemos aqui para sermos ouvidos&quot;, disse \u00e0 IPS Ivan Fernando Aguilar, de 23 anos, estudante de engenharia industrial da Universidade Pontif\u00edcia Boliviariana da cidade de Bucaramanga, que viajou para o encontro em Havana junto com outros tr\u00eas universit\u00e1rios. Eles est\u00e3o ligados ao processo atrav\u00e9s da Casa de Paz, iniciativa com base na cidade de Medell\u00edn, que facilitou intensas jornadas de consultas do ELN com setores sociais, e que serviu de ponto inicial de encontros entre Restrepo e Gal\u00e1n, porta-voz do ELN. Esse processo de consultas culminou na proposta de uma Mesa de Acompanhamento no exterior com garantidores internacionais.<\/p>\n<p>O ELN, com cerca de 4.500 combatentes, \u00e9 a segunda guerrilha esquerdista, depois das For\u00e7as Armadas Revolucion\u00e1rias da Col\u00f4mbia (Farc), ambas criadas em 1964, mas com origens diferentes. As Farc, de orienta\u00e7\u00e3o comunista, tem forte componente campon\u00eas e suas for\u00e7as prov\u00eam da guerra civil de meados dos anos 40. O pesquisador canadense James Brittain atribu\u00eda \u00e0s Farc 46 mil homens, em 2004. J\u00e1 o ELN se inspirou na revolu\u00e7\u00e3o cubana e na Teologia da Liberta\u00e7\u00e3o, da Igreja Cat\u00f3lica latino-americana, e muitos de seus membros foram e s\u00e3o intelectuais.<\/p>\n<p>No conflito colombiano tamb\u00e9m atuam esquadr\u00f5es da morte estreitamente ligados ao narcotr\u00e1fico, que desde o final dos anos 80 se apresentam como ex\u00e9rcitos locais agrupados como Autodefesas Unidas da Col\u00f4mbia (AUC), agora em processo de desmobiliza\u00e7\u00e3o de aproximadamente 10 mil efetivos, a metade de sua for\u00e7a, afirmam. A Organiza\u00e7\u00e3o das Na\u00e7\u00f5es Unidas considera que as AUC s\u00e3o respons\u00e1veis por 80% dos crimes e massacres cometidos na guerra colombiana. (IPS\/Envolverde)<\/p>\n","protected":false},"excerpt":{"rendered":"<p>Havana, 01\/03\/2006 &ndash; Um novo compasso de espera ficou aberto depois do encerramento da segunda fase do di\u00e1logo explorat\u00f3rio com vistas a um processo de paz entre os delegados do governo da Col\u00f4mbia e o Ex\u00e9rcito de Liberta\u00e7\u00e3o Nacional (ELN), reunidos em Havana. A rodada de conversa\u00e7\u00f5es, aberta no \u00faltimo dia 17, terminou &quot;de maneira satisfat\u00f3ria&quot; e com o acordo de continuarem em abril, segundo um comunicado conjunto divulgado segunda-feira por Luis Carlos Restrepo, comiss\u00e1rio de Paz do presidente colombiano, o direitista \u00c1lvaro Uribe, e Antonio Garc\u00eda, chefe militar do esquerdista ELN. <a href=\"https:\/\/www.ipsnews.net\/portuguese\/2006\/03\/america-latina\/colombia-governo-e-eln-continuarao-dialogo-em-cuba\/\" class=\"more-link\">Continue Reading <span class=\"meta-nav\">&rarr;<\/span><\/a><\/p>\n","protected":false},"author":171,"featured_media":0,"comment_status":"open","ping_status":"open","sticky":false,"template":"","format":"standard","meta":{"footnotes":""},"categories":[2,11],"tags":[],"class_list":["post-1529","post","type-post","status-publish","format-standard","hentry","category-america-latina","category-politica"],"_links":{"self":[{"href":"https:\/\/www.ipsnews.net\/portuguese\/wp-json\/wp\/v2\/posts\/1529","targetHints":{"allow":["GET"]}}],"collection":[{"href":"https:\/\/www.ipsnews.net\/portuguese\/wp-json\/wp\/v2\/posts"}],"about":[{"href":"https:\/\/www.ipsnews.net\/portuguese\/wp-json\/wp\/v2\/types\/post"}],"author":[{"embeddable":true,"href":"https:\/\/www.ipsnews.net\/portuguese\/wp-json\/wp\/v2\/users\/171"}],"replies":[{"embeddable":true,"href":"https:\/\/www.ipsnews.net\/portuguese\/wp-json\/wp\/v2\/comments?post=1529"}],"version-history":[{"count":0,"href":"https:\/\/www.ipsnews.net\/portuguese\/wp-json\/wp\/v2\/posts\/1529\/revisions"}],"wp:attachment":[{"href":"https:\/\/www.ipsnews.net\/portuguese\/wp-json\/wp\/v2\/media?parent=1529"}],"wp:term":[{"taxonomy":"category","embeddable":true,"href":"https:\/\/www.ipsnews.net\/portuguese\/wp-json\/wp\/v2\/categories?post=1529"},{"taxonomy":"post_tag","embeddable":true,"href":"https:\/\/www.ipsnews.net\/portuguese\/wp-json\/wp\/v2\/tags?post=1529"}],"curies":[{"name":"wp","href":"https:\/\/api.w.org\/{rel}","templated":true}]}}