{"id":16467,"date":"2013-08-30T12:53:21","date_gmt":"2013-08-30T12:53:21","guid":{"rendered":"http:\/\/envolverde.com.br\/?p=97358"},"modified":"2013-09-25T17:35:04","modified_gmt":"2013-09-25T17:35:04","slug":"muros-eslovacos-estampam-rejeicao-aos-ciganos","status":"publish","type":"post","link":"https:\/\/www.ipsnews.net\/portuguese\/2013\/08\/ultimas-noticias\/muros-eslovacos-estampam-rejeicao-aos-ciganos\/","title":{"rendered":"Muros eslovacos estampam rejei\u00e7\u00e3o aos ciganos"},"content":{"rendered":"<div id=\"attachment_97359\" class=\"wp-caption aligncenter\" style=\"width: 539px\"><a href=\"http:\/\/envolverde.com.br\/wp-content\/uploads\/2013\/08\/muro.jpg\"><img class=\" wp-image-97359 \" alt=\"muro Muros eslovacos estampam rejei\u00e7\u00e3o aos ciganos\" src=\"http:\/\/envolverde.com.br\/wp-content\/uploads\/2013\/08\/muro.jpg\" width=\"529\" height=\"320\" title=\"Muros eslovacos estampam rejei\u00e7\u00e3o aos ciganos\" \/><\/a><p class=\"wp-caption-text\">Este muro de Michalovce, no leste da Eslov\u00e1quia, foi erguido devido a queixas de que os ciganos atravessavam uma fazenda alheia \u00e0 sua comunidade para chegarem ao centro da cidade. Foto: Ingrid Hruba\/IPS<\/p><\/div>\n<p>&nbsp;<\/p>\n<p>Kosice, Eslov\u00e1quia, 30\/8\/2013 \u2013 A Comiss\u00e3o Europeia (CE) reclama que Kosice, a segunda cidade da Eslov\u00e1quia, derrube um muro erguido para segregar os ciganos. Trata-se do 14\u00ba de seu tipo no pa\u00eds e o oitavo constru\u00eddo nos \u00faltimos quatro anos. O muro em quest\u00e3o, de 30 metros de comprimento por dois de altura, foi constru\u00eddo em junho em Kosice, atual capital europeia da cultura, depois que, em diferentes partes da cidade, a popula\u00e7\u00e3o se queixou dos reiterados roubos de carro e de comportamento antissocial por parte de ciganos que vivem nas proximidades.<\/p>\n<p>A CE escreveu a funcion\u00e1rios da cidade dizendo que o muro \u00e9 uma viola\u00e7\u00e3o dos valores que em mat\u00e9ria de direitos humanos promove este \u00f3rg\u00e3o executivo da Uni\u00e3o Europeia (UE). Autoridades da \u00e1rea de Kosice-Zapad, onde foi erguido o muro, afirmam que n\u00e3o \u00e9 contra os ciganos e que foi levantado apenas para dar um espa\u00e7o seguro para estacionamento de ve\u00edculos.<\/p>\n<p>Por\u00e9m, ativistas dizem que \u00e9 um s\u00edmbolo da muito arraigada exclus\u00e3o da minoria cigana no pa\u00eds. \u201cMuros como estes na Eslov\u00e1quia ou em qualquer outra parte n\u00e3o s\u00e3o apenas barreiras f\u00edsicas, mas tamb\u00e9m linhas divis\u00f3rias psicol\u00f3gicas, uma pol\u00edtica ilus\u00f3ria de nos protegermos deles que coloca obst\u00e1culos a toda poss\u00edvel inclus\u00e3o social dos ciganos em suas respectivas sociedades\u201d, disse \u00e0 IPS o diretor-executivo do Centro Europeu para os Direitos dos Ciganos, Dezideriu Gergely.<\/p>\n<p>\u201cH\u00e1 outros 13 muros na Eslov\u00e1quia. Todos deveriam ser derrubados. Os governos e as autoridades locais devem investir seu tempo e sua energia no desenvolvimento de pol\u00edticas inclusivas que funcionem, e em desestimular a segrega\u00e7\u00e3o de todas as maneiras poss\u00edveis\u201d, acrescentou Gergely.<\/p>\n<p>O muro de Kosice \u00e9 o \u00faltimo constru\u00eddo de uma quantidade que cresce em localidades do pa\u00eds nas quais vivem grandes comunidades de ciganos. Alguns foram financiados por particulares e levantados em propriedades privadas, mas muitos foram erguidos usando dinheiro p\u00fablico. Organiza\u00e7\u00f5es internacionais de direitos humanos criticam reiteradamente os muros e pedem sua remo\u00e7\u00e3o. Contudo, sucessivos governos nada fazem nesse sentido.<\/p>\n<p>Para os cr\u00edticos, enquanto os pol\u00edticos promovem publicamente a igualdade racial e os direitos das minorias, na realidade se faz muito pouco de concreto para abordar o problema da segrega\u00e7\u00e3o dos 400 mil ciganos que, segundo se estima, vivem neste pa\u00eds e que equivalem a quase a d\u00e9cima parte do total de habitantes.<\/p>\n<p>Como ocorre em muitas outras partes da Europa oriental, os ciganos da Eslov\u00e1quia afirmam que sofrem discrimina\u00e7\u00e3o sistem\u00e1tica em todos os n\u00edveis da sociedade. Algumas escolas em todo o bloco s\u00e3o segregadas de fato, j\u00e1 que os ciganos s\u00e3o colocados em salas de aula separadas. Muitos integrantes dessa comunidade vivem na pobreza, \u00e0s vezes em favelas ou em \u00e1reas como as que h\u00e1 em Kosice, perto de onde foi erguido o novo muro. A criminalidade dentro essas comunidades pobres \u00e9 um problema.<\/p>\n<p>No entanto, em lugares onde foram erguidos tais muros, n\u00e3o houve nenhum efeito sobre a criminalidade, segundo a imprensa local. A pol\u00edcia diz que n\u00e3o pode verificar as reclama\u00e7\u00f5es, j\u00e1 que quando registra um delito n\u00e3o consta a condi\u00e7\u00e3o \u00e9tnica. Os ativistas afirmam que os muros s\u00e3o pouco efetivos e tamb\u00e9m que simplesmente refor\u00e7am as divis\u00f5es na sociedade e os preconceitos contra os ciganos.<\/p>\n<p>\u201cEstes muros s\u00e3o uma barreira mais simb\u00f3lica do que f\u00edsica, e n\u00e3o impedir\u00e3o a passagem de ningu\u00e9m que queira atravessar uma \u00e1rea em particular\u201d, disse Laco Oravec, da Funda\u00e7\u00e3o Milan Simecka, uma organiza\u00e7\u00e3o de direitos humanos e contra o racismo. \u201cMas seu simbolismo \u00e9, naturalmente, muito perigoso e negativo para a inclus\u00e3o da popula\u00e7\u00e3o minorit\u00e1ria\u201d, afirmou \u00e0 IPS.<\/p>\n<p>A \u00fanica maneira de melhorar a situa\u00e7\u00e3o seria garantir que se fa\u00e7a mais para incluir os ciganos na sociedade, afirmou Oravec. \u201cOs muros sempre s\u00e3o levantados em lugares onde n\u00e3o se faz muito esfor\u00e7o para abordar a inclus\u00e3o dos ciganos. Estes muros s\u00e3o as consequ\u00eancias de n\u00e3o abordar a inclus\u00e3o dessa comunidade e a express\u00e3o de uma profunda frustra\u00e7\u00e3o de ambas as partes\u201d, ressaltou.<\/p>\n<p>O enfoque das autoridades locais sobre este assunto geralmente \u00e9 de apatia ou ignor\u00e2ncia, afirmam organiza\u00e7\u00f5es de direitos humanos, com uma total falta de pol\u00edticas sistem\u00e1ticas dedicadas \u00e0 inclus\u00e3o de minorias. Nos \u00faltimos tempos, a municipalidade de Kosice foi criticada pelo ombudsman de direitos humanos da Eslov\u00e1quia por demolir um assentamento cigano na cidade, se amparando em leis ambientais e classificando suas moradias como res\u00edduos comunit\u00e1rios.<\/p>\n<p>A cont\u00ednua falta de todo programa de longo prazo apenas aprofunda as divis\u00f5es e os preconceitos j\u00e1 existentes entre a popula\u00e7\u00e3o majorit\u00e1ria n\u00e3o cigana em \u00e1reas onde o comportamento antissocial \u00e9 um problema. \u201cN\u00e3o se deve esquecer que isto tamb\u00e9m \u00e9 dif\u00edcil para a maioria que n\u00e3o \u00e9 cigana. Frequentemente sofre a atividade criminosa em situa\u00e7\u00f5es como esta e \u00e0s vezes \u00e9 uma v\u00edtima t\u00e3o grande quanto os ciganos em tudo isto\u201d, opinou Oravec.<\/p>\n<p>Por ora, o destino do muro de Kosice \u00e9 incerto. O conselho local que o construiu nega que seja anticiganos e afirma que \u00e9 uma resposta a anos de queixas dos moradores locais. Mas a m\u00e1xima autoridade da cidade disse que o muro foi erguido sem permiss\u00e3o e que logo ser\u00e1 tomada uma decis\u00e3o quanto a legaliz\u00e1-lo ou derrub\u00e1-lo. Tamb\u00e9m convidou representantes da CE para visitarem a cidade e verem os problemas causados por parte da comunidade local que pratica condutas antissociais.<\/p>\n<p>Os ativistas pelos direitos dos ciganos acreditam que, mesmo derrubando o muro, o problema vai al\u00e9m. \u201cEstes muros s\u00e3o o reflexo dos preconceitos e pontos de vista negativos sobre os ciganos\u201d, disse Gergely \u00e0 IPS. \u201cEm um futuro muito pr\u00f3ximo, a Europa celebrar\u00e1 o 24\u00ba anivers\u00e1rio da queda do Muro de Berlim. Isto deveria ser comemorado se derrubando as paredes divis\u00f3rias na Europa que separam os ciganos do resto da comunidade\u201d, ressaltou. Envolverde\/IPS<\/p>\n","protected":false},"excerpt":{"rendered":"<p>&nbsp; Kosice, Eslov&aacute;quia, 30\/8\/2013 &ndash; A Comiss&atilde;o Europeia (CE) reclama que Kosice, a segunda cidade da Eslov&aacute;quia, derrube um muro erguido para segregar os ciganos. Trata-se do 14&ordm; de seu tipo no pa&iacute;s e o oitavo constru&iacute;do nos &uacute;ltimos quatro anos. O muro em quest&atilde;o, de 30 metros de comprimento por dois de altura, foi [&hellip;] <a href=\"https:\/\/www.ipsnews.net\/portuguese\/2013\/08\/ultimas-noticias\/muros-eslovacos-estampam-rejeicao-aos-ciganos\/\" class=\"more-link\">Continue Reading <span class=\"meta-nav\">&rarr;<\/span><\/a><\/p>\n","protected":false},"author":901,"featured_media":0,"comment_status":"open","ping_status":"closed","sticky":false,"template":"","format":"standard","meta":{"footnotes":""},"categories":[1],"tags":[1522,1523,989,3178,1524],"class_list":["post-16467","post","type-post","status-publish","format-standard","hentry","category-ultimas-noticias","tag-ciganos","tag-eslovaquias","tag-inter-press-service-reportagens","tag-ips","tag-rejeicao"],"_links":{"self":[{"href":"https:\/\/www.ipsnews.net\/portuguese\/wp-json\/wp\/v2\/posts\/16467","targetHints":{"allow":["GET"]}}],"collection":[{"href":"https:\/\/www.ipsnews.net\/portuguese\/wp-json\/wp\/v2\/posts"}],"about":[{"href":"https:\/\/www.ipsnews.net\/portuguese\/wp-json\/wp\/v2\/types\/post"}],"author":[{"embeddable":true,"href":"https:\/\/www.ipsnews.net\/portuguese\/wp-json\/wp\/v2\/users\/901"}],"replies":[{"embeddable":true,"href":"https:\/\/www.ipsnews.net\/portuguese\/wp-json\/wp\/v2\/comments?post=16467"}],"version-history":[{"count":1,"href":"https:\/\/www.ipsnews.net\/portuguese\/wp-json\/wp\/v2\/posts\/16467\/revisions"}],"predecessor-version":[{"id":16649,"href":"https:\/\/www.ipsnews.net\/portuguese\/wp-json\/wp\/v2\/posts\/16467\/revisions\/16649"}],"wp:attachment":[{"href":"https:\/\/www.ipsnews.net\/portuguese\/wp-json\/wp\/v2\/media?parent=16467"}],"wp:term":[{"taxonomy":"category","embeddable":true,"href":"https:\/\/www.ipsnews.net\/portuguese\/wp-json\/wp\/v2\/categories?post=16467"},{"taxonomy":"post_tag","embeddable":true,"href":"https:\/\/www.ipsnews.net\/portuguese\/wp-json\/wp\/v2\/tags?post=16467"}],"curies":[{"name":"wp","href":"https:\/\/api.w.org\/{rel}","templated":true}]}}