{"id":17055,"date":"2014-01-17T12:38:17","date_gmt":"2014-01-17T12:38:17","guid":{"rendered":"http:\/\/www.ipsnoticias.net\/portuguese\/?p=17055"},"modified":"2014-01-17T12:38:17","modified_gmt":"2014-01-17T12:38:17","slug":"mensagem-sobre-vih-nos-camaroes-nao-chega-adolescentes-gravidas","status":"publish","type":"post","link":"https:\/\/www.ipsnews.net\/portuguese\/2014\/01\/africa\/mensagem-sobre-vih-nos-camaroes-nao-chega-adolescentes-gravidas\/","title":{"rendered":"Mensagem Sobre VIH nos Camar\u00f5es N\u00e3o Chega a Adolescentes Gr\u00e1vidas"},"content":{"rendered":"<p>YAOUND\u00c9, 17 de janeiro de 2014 &#8211; Com um sorriso aberto, Beatrice M* afirma que segue o lema \u201cA vida \u00e9 curta e linda \u2013 deve ser vivida na sua plenitude\u201d. Esta m\u00e3e seropositiva de 20 anos recusa ser derrotada pelas suas novas circunst\u00e2ncias.<\/p>\n<p><!--more-->Beatrice, aluna do segundo ano de antropologia da Universidade de Yaound\u00e9, descobriu que estava gr\u00e1vida e era seropositiva quando tinha 18 anos.<\/p>\n<p>\u201cQuando o m\u00e9dico me deu a not\u00edcia pensei que a minha vida tinha acabado. Mas o meu ginecologista receitou-me Zidolan [medicamento anti-retroviral] para impedir o cont\u00e1gio de m\u00e3e para filho e disse-me que as coisas iam correr bem,\u201d contou \u00e0 IPS. O m\u00e9dico tinha raz\u00e3o e agora a filha de dois anos de idade n\u00e3o \u00e9 seropositiva.<\/p>\n<p>Olhando para longe, com as m\u00e3os cruzadas no colo, recorda: \u201cN\u00e3o foi uma gravidez desejada. O meu namorado pediu-me para fazer um aborto mas recusei. Quando o informei que era seropositiva, disse que tinha feito o teste e que era seronegativo. Pouco depois deixou-me.\u201d Nessa altura, j\u00e1 estava gr\u00e1vida de cinco meses.<\/p>\n<p>Beatrice acredita que o namorado de 25 anos \u2013 colega na mesma universidade \u2013 a infectou. Explica que era virgem quando se conheceram.<\/p>\n<p>De acordo com Flavien Ndonko, um antrop\u00f3logo junto da Ag\u00eancia de Coopera\u00e7\u00e3o Internacional Alem\u00e3 ou GTZ, uma taxa alarmante de 20 a 30 por cento das raparigas camaronesas entre os 15 e os 24 anos tem gravidezes n\u00e3o desejadas.<\/p>\n<p>Segundo o relat\u00f3rio sobre a epidemia da SIDA realizado pelo Programa Conjunto das Na\u00e7\u00f5es Unidas para o VIH\/SIDA (ONUSIDA) referente a 2013, cerca de 600.000 pessoas, ou 4.2 por cento da popula\u00e7\u00e3o camaronesa composta por 19 milh\u00f5es de pessoas, s\u00e3o seropositivas. As mulheres e os jovens s\u00e3o os grupos mais afectados. Esta na\u00e7\u00e3o da \u00c1frica Ocidental faz parte dos 20 pa\u00edses no continente considerados priorit\u00e1rios pela ONUSIDA, e tem demonstrado apenas uma redu\u00e7\u00e3o moderada de novas infec\u00e7\u00f5es.<\/p>\n<p>Beatrice teve conhecimento destas estatisticas ap\u00f3s ter sido informada da sua condi\u00e7\u00e3o. \u201cDurante a nossa rela\u00e7\u00e3o nunca pens\u00e1mos em contracep\u00e7\u00e3o ou na SIDA. Tinha ouvido falar disso mas n\u00e3o pensei que tivesse algo a ver comigo.\u201d Durante o liceu, n\u00e3o tinha mostrado interesse em participar nos programas Educa\u00e7\u00e3o para a Vida e Amor (ELL), um curso de forma\u00e7\u00e3o em compet\u00eancias para a vida ministrado nos liceus em todo o pa\u00eds.<\/p>\n<p>Arlette Ngon, assistente social, afirma que o pa\u00eds necessita de uma nova abordagem \u00e0 sensibiliza\u00e7\u00e3o. \u201cAl\u00e9m dos cursos de ci\u00eancias, o programa ELL \u00e9 a \u00fanica oportunidade para debater em profundidade as infec\u00e7\u00f5es sexualmente transmitidas e a SIDA na escola. A mensagem parece n\u00e3o estar a passar aos jovens.\u201d<\/p>\n<p>Yvonne Oku, da Rede Nacional das Associa\u00e7\u00f5es das Tias (RENATA), acredita que muito mais precisa de ser feito para reduzir a percentagem de novas infec\u00e7\u00f5es. A RENATA, uma organiza\u00e7\u00e3o n\u00e3o governamental, educa os jovens sobre a forma de evitar a gravidez na adolesc\u00eancia e a SIDA, sendo isto feito atrav\u00e9s de \u201ctias\u201d, que s\u00e3o jovens m\u00e3es formadas em quest\u00f5es de sa\u00fade.<\/p>\n<p>Aubin Ondoa, antrop\u00f3loga, disse \u00e0 IPS que o factor de maior risco para as jovens era a actividade sexual precoce, juntamente com uma falta gritante de informa\u00e7\u00e3o. De acordo com o Fundo das Na\u00e7\u00f5es Unidas para a Popula\u00e7\u00e3o, a idade m\u00e9dia da primeira rela\u00e7\u00e3o sexual nos Camar\u00f5es \u00e9 15.8 anos, enquanto que uma em cada tr\u00eas jovens com idades compreendidas entre os 20 e os 24 anos \u00e9 m\u00e3e antes de ter atingido os 18 anos de idade.<\/p>\n<p>\u201cAl\u00e9m disso, as jovens s\u00e3o alvos preferenciais de homens mais velhos que lhes oferecem dinheiro,\u201d explicou Ondoa.<\/p>\n<p>As consequ\u00eancias das rela\u00e7\u00f5es sexuais desprotegidas para muitas jovens mal informadas com pouco ou nenhum rendimento s\u00e3o ficarem gr\u00e1vidas e contra\u00edrem SIDA.<\/p>\n<p>Agora, Beatrice usa preservativos quando est\u00e1 com o seu parceiro. Tem uma rela\u00e7\u00e3o com um um professor de liceu que \u00e9 seronegativo, que sabe que ela \u00e9 seropositiva e que quer casar com ela. Mas ela recusa visto que receia infect\u00e1-lo. Tem receio que, se casarem, deixar\u00e3o de usar preservativos.<\/p>\n<p>A Gera\u00e7\u00e3o Positiva \u2013 uma organiza\u00e7\u00e3o de combate \u00e0 SIDA criada em 1998, que tem 60 membros, a maioria dos quais estudantes \u2013 tem sido uma fonte de apoio para Beatrice. O grupo ajudou-a a aceitar o facto de viver com o VIH.<\/p>\n<p>A jovem decidiu manter em segredo o seu estatuto de seropositiva. \u201cOs meus pais n\u00e3o est\u00e3o preparados e prefiro mant\u00ea-los na ignor\u00e2ncia. Tenho receio do estigma,\u201d disse.<\/p>\n<p>Devido ao facto de viver com as duas irm\u00e3s, tem de ser muito reservada para que n\u00e3o descubram que \u00e9 seropositiva. \u201cSou muito discreta. Seria dif\u00edcil que algu\u00e9m descobrisse que tomo medicamentos a horas espec\u00edficas,\u201d confidencia.<\/p>\n<p>Chega mesmo a trazer a filha, que vive com os pais numa aldeia na regi\u00e3o ocidental do pa\u00eds, at\u00e9 \u00e0 capital, Yaound\u00e9, para fazer exames m\u00e9dicos. Na aldeia, afirmou, \u201cn\u00e3o existe sigilo m\u00e9dico.\u201d<\/p>\n<p>Nos Camar\u00f5es, os medicamentos anti-retrovirais s\u00e3o gratuitos e ela s\u00f3 tem de pagar o hemograma semestral e os exames CD4, que custam perto de 34 d\u00f3lares. \u201cSeria dif\u00edcil se tivesse de pagar por tudo,\u201d disse. Os pacientes em \u00e1reas remotas n\u00e3o t\u00eam tanta sorte. Muitas vezes t\u00eam de se deslocar 44 quil\u00f3metros a p\u00e9, atrav\u00e9s de uma floresta, antes de serem atendidos num centro de sa\u00fade.<\/p>\n<p>Beatrice orgulha-se da sua pequena filha e gostava de ter mais filhos, mas desejava tamb\u00e9m que o pessoal de sa\u00fade tivesse uma atitude mais profissional.<\/p>\n<p>\u201cFiquei rasgada durante o parto mas a parteira recusou cozer-me. Recusou igualmente fazer testes de rotina \u00e0 minha filha,\u201d queixou-se com l\u00e1grimas nos olhos.<\/p>\n<p>Para ela, esse comportamento n\u00e3o \u00e9 mais do que uma forma de estigmatiza\u00e7\u00e3o e \u00e9 algo de que ela n\u00e3o precisa na tentativa para viver a sua vida em plenitude.<\/p>\n<p><em>*Nome fict\u00edcio.<\/em><\/p>\n<p>&nbsp;<\/p>\n<p>Alguns dados importantes sobre o VIH nos Camar\u00f5es:<\/p>\n<p>&nbsp;<\/p>\n<p>As novas infec\u00e7\u00f5es nas crian\u00e7as diminu\u00edram em mais de um quarto desde 2009.<\/p>\n<p>&nbsp;<\/p>\n<p>Registam-se poucas mudan\u00e7as no n\u00famero anual de mulheres com idades compreendidas entre os 15 e 49 anos recentemente infectadas com VIH. O n\u00famero era 21.000 em 2012 \u2013 o mesmo que em 2009.<\/p>\n<p>&nbsp;<\/p>\n<p>Cerca de dois por cento das jovens e um por cento dos jovens com idades compreendidas entre os 15 e 24 anos vivem com VIH.<\/p>\n<p>&nbsp;<\/p>\n<p>Sessenta por cento das mulheres solteiras com idades compreendidas entre os 15 e 24 anos usaram um preservativo na \u00faltima vez que tiveram rela\u00e7\u00f5es sexuais.<\/p>\n<p>&nbsp;<\/p>\n<p>Uma em cada tr\u00eas raparigas com idades compreendidas entre os 20 e 24 anos foi m\u00e3e antes dos 18 anos.<\/p>\n","protected":false},"excerpt":{"rendered":"<p>YAOUND\u00c9, 17 de janeiro de 2014 &#8211; Com um sorriso aberto, Beatrice M* afirma que segue o lema \u201cA vida \u00e9 curta e linda \u2013 deve ser vivida na sua plenitude\u201d. Esta m\u00e3e seropositiva de 20 anos recusa ser derrotada&hellip; <a href=\"https:\/\/www.ipsnews.net\/portuguese\/2014\/01\/africa\/mensagem-sobre-vih-nos-camaroes-nao-chega-adolescentes-gravidas\/\" class=\"more-link\">Continue Reading <span class=\"meta-nav\">&rarr;<\/span><\/a><\/p>\n","protected":false},"author":2041,"featured_media":0,"comment_status":"open","ping_status":"open","sticky":false,"template":"","format":"standard","meta":{"footnotes":""},"categories":[3],"tags":[],"class_list":["post-17055","post","type-post","status-publish","format-standard","hentry","category-africa"],"_links":{"self":[{"href":"https:\/\/www.ipsnews.net\/portuguese\/wp-json\/wp\/v2\/posts\/17055","targetHints":{"allow":["GET"]}}],"collection":[{"href":"https:\/\/www.ipsnews.net\/portuguese\/wp-json\/wp\/v2\/posts"}],"about":[{"href":"https:\/\/www.ipsnews.net\/portuguese\/wp-json\/wp\/v2\/types\/post"}],"author":[{"embeddable":true,"href":"https:\/\/www.ipsnews.net\/portuguese\/wp-json\/wp\/v2\/users\/2041"}],"replies":[{"embeddable":true,"href":"https:\/\/www.ipsnews.net\/portuguese\/wp-json\/wp\/v2\/comments?post=17055"}],"version-history":[{"count":2,"href":"https:\/\/www.ipsnews.net\/portuguese\/wp-json\/wp\/v2\/posts\/17055\/revisions"}],"predecessor-version":[{"id":17059,"href":"https:\/\/www.ipsnews.net\/portuguese\/wp-json\/wp\/v2\/posts\/17055\/revisions\/17059"}],"wp:attachment":[{"href":"https:\/\/www.ipsnews.net\/portuguese\/wp-json\/wp\/v2\/media?parent=17055"}],"wp:term":[{"taxonomy":"category","embeddable":true,"href":"https:\/\/www.ipsnews.net\/portuguese\/wp-json\/wp\/v2\/categories?post=17055"},{"taxonomy":"post_tag","embeddable":true,"href":"https:\/\/www.ipsnews.net\/portuguese\/wp-json\/wp\/v2\/tags?post=17055"}],"curies":[{"name":"wp","href":"https:\/\/api.w.org\/{rel}","templated":true}]}}