{"id":17127,"date":"2014-02-05T12:30:39","date_gmt":"2014-02-05T12:30:39","guid":{"rendered":"http:\/\/envolverde.com.br\/?p=107347"},"modified":"2014-02-05T12:30:39","modified_gmt":"2014-02-05T12:30:39","slug":"costa-rica-neutra-em-carbono-apenas-um-slogan","status":"publish","type":"post","link":"https:\/\/www.ipsnews.net\/portuguese\/2014\/02\/ultimas-noticias\/costa-rica-neutra-em-carbono-apenas-um-slogan\/","title":{"rendered":"Costa Rica neutra em carbono: apenas um slogan?"},"content":{"rendered":"<div id=\"attachment_107348\" style=\"width: 539px\" class=\"wp-caption aligncenter\"><a href=\"http:\/\/envolverde.com.br\/wp-content\/uploads\/2014\/02\/CostaRicabosque.jpg\"><img class=\" wp-image-107348 \" alt=\"CostaRicabosque Costa Rica neutra em carbono: apenas um slogan?\" src=\"http:\/\/envolverde.com.br\/wp-content\/uploads\/2014\/02\/CostaRicabosque.jpg\" width=\"529\" height=\"333\" title=\"Costa Rica neutra em carbono: apenas um slogan?\" \/><\/a><p class=\"wp-caption-text\">Floresta nublada na Costa Rica. Foto: Germ\u00e1n Miranda\/IPS<\/p><\/div>\n<p>&nbsp;<\/p>\n<p>San Jos\u00e9, Costa Rica, 5\/2\/2014 \u2013 Cumprir a meta que a Costa Rica se imp\u00f4s, de at\u00e9 2021 ser o primeiro pa\u00eds do mundo com carbono neutro, depender\u00e1 da prioridade que lhe der o vencedor do segundo turno da elei\u00e7\u00e3o presidencial, em abril. Ser neutro em carbono significa retirar da atmosfera tanto di\u00f3xido de carbono quanto se lan\u00e7a. Mas os especialistas duvidam sobre o futuro do chamado plano de carbono neutro, ausente da campanha eleitoral, que terminou no dia 2, sem que nenhum dos candidatos \u00e0 Presid\u00eancia conseguisse 40% dos votos necess\u00e1rios para evitar nova vota\u00e7\u00e3o.<\/p>\n<p>Mais de tr\u00eas milh\u00f5es de eleitores escolher\u00e3o, em 6 de abril, entre o centro-esquerdista Luis Guillermo Sol\u00eds, do opositor Partido A\u00e7\u00e3o Cidad\u00e3 (PAC), que obteve 31% dos votos, e Johnny Araya, de centro-direita, do governante Partido Liberta\u00e7\u00e3o Nacional (PLN), que ficou com 29% dos votos, segundo dados oficiais n\u00e3o definitivos.<\/p>\n<p>\u201cOs estudos dizem que a meta de 2021 n\u00e3o \u00e9 alcan\u00e7\u00e1vel. Devemos caminhar para essa meta, mas, realisticamente, \u00e9 prov\u00e1vel que estejamos falando de 2025\u201d, disse \u00e0 IPS a assessora ambiental do PAC, Patricia Madrigal. Para ela, a neutralidade em carbono n\u00e3o deve ser vista de maneira isolada, mas como um eixo orientador de toda a pol\u00edtica p\u00fablica dos pr\u00f3ximos governos, com mandatos de quatro anos.<\/p>\n<p>Em 2007, a Costa Rica decidiu se converter em pioneira mundial em carbono neutro e se imp\u00f4s a meta de fixar tanto di\u00f3xido de carbono (CO2) quanto o que emitir at\u00e9 2021, ano em que ser\u00e1 comemorado o bicenten\u00e1rio de sua independ\u00eancia.<\/p>\n<p>Especialistas e funcion\u00e1rios governamentais ouvidos pela IPS reconhecem que o governo que tomar posse em 8 de maio dever\u00e1 assumir desafios complexos em transporte, energia, ordenamento institucional e agricultura caso desejo cumprir esse prazo. Al\u00e9m disso, acrescentam que \u00e9 necess\u00e1ria uma vincula\u00e7\u00e3o da economia nacional com a luta para mitigar e se adaptar \u00e0 mudan\u00e7a clim\u00e1tica.<\/p>\n<p>\u201cA meta de carbono neutro, por n\u00e3o estar vinculada com o setor de transporte \u2013 que \u00e9 o maior gerador de emiss\u00f5es \u2013 ficou no <i>slogan<\/i> para arrecadar fundos internacionais\u201d, criticou M\u00f3nica Araya, diretora da organiza\u00e7\u00e3o Costa Rica Limpa e uma das negociadoras governamentais sobre mudan\u00e7a clim\u00e1tica at\u00e9 meados de 2013.<\/p>\n<p>Ren\u00e9 Castro, ministro de Meio Ambiente e Energia assegurou \u00e0 IPS que a meta de carbono neutro avan\u00e7ou entre \u201c75% e 80%\u201d. Mas, tamb\u00e9m reconheceu que a d\u00edvida no setor de transporte \u201c\u00e9 not\u00f3ria\u201d, pois representa 42% das emiss\u00f5es nacionais de CO2. Uma prioridade para avan\u00e7ar mais \u00e9 reduzir a depend\u00eancia dos hidrocarbonos e modernizar o obsoleto sistema de transporte p\u00fablico costarriquenho, composto por centenas de linhas de \u00f4nibus e um trem rec\u00e9m-inaugurado, que une as quatro maiores cidades.<\/p>\n<p>Os partidos dos dois candidatos \u00e0 Presid\u00eancia prop\u00f5em instalar um trem el\u00e9trico na capital e renovar a frota de \u00f4nibus e t\u00e1xis. Este pa\u00eds da Am\u00e9rica Central, de 51.100 quil\u00f4metros quadrados e 4,4 milh\u00f5es de habitantes, tamb\u00e9m tem pontos fortes, como o not\u00e1vel avan\u00e7o na cobertura vegetal, que passou de 21% do territ\u00f3rio, em 1983, para 52%, em 2012. Este \u00eaxito se deve principalmente ao estatal Programa de Pagamento por Servi\u00e7os Ambientais, precursor local da iniciativa para a Redu\u00e7\u00e3o de Emiss\u00f5es por Desmatamento e Degrada\u00e7\u00e3o das Florestas (REDD) no Sul em desenvolvimento.<\/p>\n<p>Entretanto, segundo o documento <i>Estado da Na\u00e7\u00e3o 2013, Desafios para 2014-2018<\/i>, encomendado pelo Conselho Nacional de Reitores de universidades p\u00fablicas, a pegada de carbono do pa\u00eds cresceu 43% entre 2002 e 2012, quando as emiss\u00f5es de CO2 chegaram a 16 milh\u00f5es de toneladas. Essa pegada representa o territ\u00f3rio ecologicamente produtivo necess\u00e1rio para absorver as emiss\u00f5es de carbono.<\/p>\n<p>Os dois partidos que disputar\u00e3o a possibilidade de governar a partir de maio concordam que \u00e9 preciso reformar o ordenamento institucional. Atualmente, a autoridade do setor \u00e9 a Dire\u00e7\u00e3o de Mudan\u00e7a Clim\u00e1tica, vinculada ao Minist\u00e9rio Meio Ambiente e Energia (Minae). O PAC quer um \u201csupraminist\u00e9rio\u201d, que coordene a atua\u00e7\u00e3o frente \u00e0 mudan\u00e7a clim\u00e1tica, enquanto o PLN prop\u00f5e adotar uma estrat\u00e9gia nacional espec\u00edfica.<\/p>\n<p>Dentro do aparelho estatal tamb\u00e9m h\u00e1 atores que pedem urg\u00eancia na renova\u00e7\u00e3o da estrutura institucional, corro\u00edda por uma dissocia\u00e7\u00e3o entre a tarefa encomendada \u00e0s institui\u00e7\u00f5es e o poder real que t\u00eam. \u201cA agenda de mudan\u00e7a clim\u00e1tica deve se converter em uma agenda de desenvolvimento e que n\u00e3o seja uma responsabilidade exclusiva do Minae, que \u00e9 fr\u00e1gil e com recursos limitados\u201d, afirmou \u00e0 IPS o diretor de Mudan\u00e7a Clim\u00e1tica do minist\u00e9rio, William Alp\u00edzar.<\/p>\n<p>Para ser neutra em carbono, a Costa Rica deve reduzir ao m\u00e1ximo suas emiss\u00f5es de CO2 e compensar as remanescentes mediante a absor\u00e7\u00e3o por novas florestas. O setor privado participa do esfor\u00e7o mediante certifica\u00e7\u00f5es de carbono neutro. A Dire\u00e7\u00e3o de Mudan\u00e7a Clim\u00e1tica j\u00e1 certificou oito empresas e outras quatro est\u00e3o com o processo em an\u00e1lise.<\/p>\n<p>Durante a 19\u00aa Confer\u00eancia das Partes (COP 19) da Conven\u00e7\u00e3o Marco das Na\u00e7\u00f5es Unidas sobre Mudan\u00e7a Clim\u00e1tica, realizada em novembro em Vars\u00f3via, a Costa Rica apresentou o projeto do primeiro banco de CO2, destinado a negociar b\u00f4nus de carbono entre empresas emissoras e donos de terrenos com florestas que os capturem. Os n\u00fameros oficiais mostram que o pa\u00eds emitir\u00e1 cerca de 21 milh\u00f5es de toneladas de carbono at\u00e9 2021, das quais espera compensar 75% com a captura por suas florestas, uma quantidade praticamente igual \u00e0 de suas emiss\u00f5es atuais.<\/p>\n<p>\u201cDe acordo com um exerc\u00edcio que fizemos h\u00e1 cerca de nove meses, temos um buraco para preencher de 5,2 milh\u00f5es de toneladas. Isso \u00e9 o que temos de reduzir e se divide em transporte, agricultura e res\u00edduos\u201d, pontuou Alp\u00edzar. A cr\u00edtica a esse modelo diz que destina a carga de reduzir as emiss\u00f5es \u00e0 cobertura florestal, sem propor uma mudan\u00e7a real de pol\u00edticas para um desenvolvimento plenamente adaptado \u00e0 mudan\u00e7a clim\u00e1tica.<\/p>\n<p>\u201cEm nome do carbono neutro deixamos tudo o que temos de fazer com a mudan\u00e7a clim\u00e1tica\u201d, apontou \u00e0 IPS o auditor ambiental Jorge Polimeni, da Funda\u00e7\u00e3o Bandeira Ecol\u00f3gica, promotora de uma adapta\u00e7\u00e3o mais integrada aos embates do fen\u00f4meno. O estudo <i>Impacto Econ\u00f4mico dos Fen\u00f4menos Hidrometeorol\u00f3gicos na Costa Rica<\/i>, coordenado pelo pesquisador Roberto Flores, concluiu, no ano passado, que, entre 2005 e 2011, os efeitos da mudan\u00e7a clim\u00e1tica custaram ao pa\u00eds US$ 710 milh\u00f5es. Envolverde\/IPS<\/p>\n","protected":false},"excerpt":{"rendered":"<p>&nbsp; San Jos&eacute;, Costa Rica, 5\/2\/2014 &ndash; Cumprir a meta que a Costa Rica se imp&ocirc;s, de at&eacute; 2021 ser o primeiro pa&iacute;s do mundo com carbono neutro, depender&aacute; da prioridade que lhe der o vencedor do segundo turno da elei&ccedil;&atilde;o presidencial, em abril. Ser neutro em carbono significa retirar da atmosfera tanto di&oacute;xido de [&hellip;] <a href=\"https:\/\/www.ipsnews.net\/portuguese\/2014\/02\/ultimas-noticias\/costa-rica-neutra-em-carbono-apenas-um-slogan\/\" class=\"more-link\">Continue Reading <span class=\"meta-nav\">&rarr;<\/span><\/a><\/p>\n","protected":false},"author":2342,"featured_media":0,"comment_status":"open","ping_status":"closed","sticky":false,"template":"","format":"standard","meta":{"footnotes":""},"categories":[1],"tags":[2064,2065,2066,1174,989,3178],"class_list":["post-17127","post","type-post","status-publish","format-standard","hentry","category-ultimas-noticias","tag-carbono-neutro","tag-costa-rica","tag-eleicao-presidencial","tag-emissoes","tag-inter-press-service-reportagens","tag-ips"],"_links":{"self":[{"href":"https:\/\/www.ipsnews.net\/portuguese\/wp-json\/wp\/v2\/posts\/17127","targetHints":{"allow":["GET"]}}],"collection":[{"href":"https:\/\/www.ipsnews.net\/portuguese\/wp-json\/wp\/v2\/posts"}],"about":[{"href":"https:\/\/www.ipsnews.net\/portuguese\/wp-json\/wp\/v2\/types\/post"}],"author":[{"embeddable":true,"href":"https:\/\/www.ipsnews.net\/portuguese\/wp-json\/wp\/v2\/users\/2342"}],"replies":[{"embeddable":true,"href":"https:\/\/www.ipsnews.net\/portuguese\/wp-json\/wp\/v2\/comments?post=17127"}],"version-history":[{"count":0,"href":"https:\/\/www.ipsnews.net\/portuguese\/wp-json\/wp\/v2\/posts\/17127\/revisions"}],"wp:attachment":[{"href":"https:\/\/www.ipsnews.net\/portuguese\/wp-json\/wp\/v2\/media?parent=17127"}],"wp:term":[{"taxonomy":"category","embeddable":true,"href":"https:\/\/www.ipsnews.net\/portuguese\/wp-json\/wp\/v2\/categories?post=17127"},{"taxonomy":"post_tag","embeddable":true,"href":"https:\/\/www.ipsnews.net\/portuguese\/wp-json\/wp\/v2\/tags?post=17127"}],"curies":[{"name":"wp","href":"https:\/\/api.w.org\/{rel}","templated":true}]}}