{"id":17434,"date":"2014-05-02T14:55:05","date_gmt":"2014-05-02T14:55:05","guid":{"rendered":"http:\/\/envolverde.com.br\/?p=112290"},"modified":"2014-05-02T14:55:05","modified_gmt":"2014-05-02T14:55:05","slug":"polemica-ofensiva-do-quenia-contra-o-extremismo-islamico","status":"publish","type":"post","link":"https:\/\/www.ipsnews.net\/portuguese\/2014\/05\/ultimas-noticias\/polemica-ofensiva-do-quenia-contra-o-extremismo-islamico\/","title":{"rendered":"Pol\u00eamica ofensiva do Qu\u00eania contra o extremismo isl\u00e2mico"},"content":{"rendered":"<div id=\"attachment_112291\" style=\"width: 539px\" class=\"wp-caption aligncenter\"><a href=\"http:\/\/envolverde.com.br\/wp-content\/uploads\/2014\/05\/IPS@.jpg\"><img class=\" wp-image-112291 \" alt=\"IPS@ Pol\u00eamica ofensiva do Qu\u00eania contra o extremismo isl\u00e2mico\" src=\"http:\/\/envolverde.com.br\/wp-content\/uploads\/2014\/05\/IPS@.jpg\" width=\"529\" height=\"254\" title=\"Pol\u00eamica ofensiva do Qu\u00eania contra o extremismo isl\u00e2mico\" \/><\/a><p class=\"wp-caption-text\">A comunidade mu\u00e7ulmana continua lamentando os atentados terroristas contra civis inocentes, e enfatiza que o Isl\u00e3 condena a viol\u00eancia. Foto: Miriam Gathigah\/IPS<\/p><\/div>\n<p>&nbsp;<\/p>\n<p>Nair\u00f3bi, Qu\u00eania, 2\/5\/2014 \u2013 H\u00e1 seis anos o governo do Qu\u00eania recebeu um alerta de cl\u00e9rigos mu\u00e7ulmanos: o movimento extremista Al Shabaab estava radicalizando e recrutando jovens para sua causa isl\u00e2mica. Mas nada foi feito, disse \u00e0 IPS Sheij Ahmed, membro do Conselho de Im\u00e3s e Pregadores deste pa\u00eds. O Estado ignorou esses informes por considerar que se originavam em desaven\u00e7as entre os cl\u00e9rigos e n\u00e3o prendeu os que abertamente pregavam que se atacasse os fi\u00e9is e lugares de culto de outras religi\u00f5es.<\/p>\n<p>\u201cNo come\u00e7o era nosso problema, agora n\u00e3o. esse grupo de extremistas tomou o controle das mesquitas. Em Mombasa a pol\u00edcia est\u00e1 nos ajudando a recuperar duas mesquitas que foram tomadas pelos radicais violentos\u201d, contou Ahmed. No dia 23 de abril, atacantes suicidas explodiram o carro em que estavam contra uma delegacia de Nair\u00f3bi e quatro pessoas morreram, incluindo dois policiais.<\/p>\n<p>Esse foi o \u00faltimo de uma s\u00e9rie de atentados terroristas nessa na\u00e7\u00e3o do oriente da \u00c1frica. Em setembro de 2013, o Qu\u00eania experimentou o pior, quando homens armados da organiza\u00e7\u00e3o extremista somaliana Al Shabaab atacaram o centro comercial Westgate na capital, matando pelo menos 67 pessoas. Entretanto, o atentado do dia 23 pareceu uma repres\u00e1lia \u00e0 ofensiva que acontece em todo o pa\u00eds contra imigrantes ilegais e refugiados suspeitos de serem ligados \u00e0 Al Shabaab.<\/p>\n<p>Nuur Sheij, especialista em conflitos do Chifre da \u00c1frica, considera prov\u00e1vel que a intimida\u00e7\u00e3o e a repatria\u00e7\u00e3o for\u00e7ada incitem um \u00f3dio profundo contra o Qu\u00eania e fa\u00e7am com que mais jovens queiram se unir ao grupo extremista vinculado \u00e0 rede Al Qaeda. \u201cEssa estrat\u00e9gia \u00e9 contraproducente. A decis\u00e3o do governo provocou indigna\u00e7\u00e3o. Os somalianos do Qu\u00eania ou da Som\u00e1lia e a comunidade mu\u00e7ulmana sofrem brutais a\u00e7\u00f5es policiais\u201d, disse Sheij por telefone \u00e0 IPS. \u201cIsso se ajusta \u00e0 propaganda da Al Shabaab e alenta uma comunidade que pode ajudar a combater o terrorismo\u201d, acrescentou.<\/p>\n<p>As tens\u00f5es entre Qu\u00eania e Som\u00e1lia come\u00e7aram depois que a pol\u00edcia queniana prendeu um diplomata somaliano no dia 25 de abril. O primeiro-ministro da Som\u00e1lia, Abdiweli Sheij Ahmed, afirmou em um comunicado que seu governo estava preocupado pela pris\u00e3o de somalianos que respeitam as leis. Seu pa\u00eds retirou seu embaixador no Qu\u00eania.<\/p>\n<p>Segundo informes locais, a pol\u00edcia prendeu mais de quatro mil somalianos e deportou cerca de 200 imigrantes ilegais. No dia 9 de abril, o primeiro grupo de presos, 82 somalianos sem <i>status<\/i> legal de refugiados foram deportados. H\u00e1 cerca de duas semanas aconteceu o mesmo com 91 somalianos.<\/p>\n<p>O diretor-executivo do F\u00f3rum de Mu\u00e7ulmanos pelos Direitos Humanos, Al Amin Kimathi, disse \u00e0 IPS que essas a\u00e7\u00f5es s\u00e3o discriminat\u00f3rias e castigam comunidades que sofrem a pior parte do terrorismo da Al Shabaab. Os meios de vida sofrem altera\u00e7\u00f5es, gera-se temor e se demoniza as comunidades somaliana e mu\u00e7ulmana. O porta-voz da pol\u00edcia, Masood Mwinyi, n\u00e3o pensa assim: \u201c\u00c9 errado e enganoso indicar que o alvo \u00e9 uma comunidade ou um grupo religioso. Tamb\u00e9m prendemos paquistaneses, chineses, indianos e outros estrangeiros ilegais de Estados vizinhos\u201d, disse \u00e0 IPS.<\/p>\n<p>Ahmed Mohammad, secret\u00e1rio-geral da comunidade empresarial Eastleigh, a \u00e1rea de Nair\u00f3bi onde vivem mais somalianos, disse \u00e0 IPS que fecharam suas portas mais de 75% das principais empresas de produtos t\u00eaxteis e eletr\u00f4nicos, de transa\u00e7\u00f5es financeiras, restaurantes e hot\u00e9is. A etnia somaliana \u00e9 um povo numeroso majoritariamente assentado na Som\u00e1lia, mas tamb\u00e9m na Eti\u00f3pia, Qu\u00eania e Djibuti, e que pratica o Isl\u00e3 h\u00e1 s\u00e9culos.<\/p>\n<p>Um funcion\u00e1rio da Associa\u00e7\u00e3o de Refugiados do Ogad\u00e9n disse, pedindo para n\u00e3o ser identificado, que foram deportadas para a Eti\u00f3pia 14 pessoas dessa regi\u00e3o. Todas haviam solicitado que seu destino fosse a Som\u00e1lia, pois desde a queda, em 1991, do ditador et\u00edope Mengistu Haile Mariam, intelectuais da Frente Nacional de Liberta\u00e7\u00e3o Ogad\u00e9n lutam por um Estado independente nessa regi\u00e3o, que vive em constante tens\u00e3o com a Eti\u00f3pia.<\/p>\n<p>\u201cDevem nos exonerar, nosso <i>status<\/i> \u00e9 diferente. Somos somalianos, mas da Eti\u00f3pia. Qualquer ogad\u00e9n deportado para a Eti\u00f3pia pode ser assassinado. Sem d\u00favida, repatriar nosso povo para um pa\u00eds estrangeiro \u00e9 um terr\u00edvel erro\u201d, destacou a fonte \u00e0 IPS. Um et\u00edope que fugiu de seu pa\u00eds ap\u00f3s uma s\u00e9rie de pris\u00f5es e amea\u00e7as contra sua vida disse que nunca voltaria para casa ou para os acampamentos de refugiados somalianos. \u201cSofremos, aqui a pol\u00edcia nos intimida, os acampamentos tampouco s\u00e3o seguros para n\u00f3s. Sempre estamos amea\u00e7ados, porque os soldados da Eti\u00f3pia est\u00e3o na Som\u00e1lia e os culpam de matar somalianos inocentes\u201d, disse \u00e0 IPS, pedindo para n\u00e3o ser identificado.<\/p>\n<p>A Comiss\u00e3o Nacional de Direitos Humanos do Qu\u00eania declarou que os atos do governo s\u00e3o uma s\u00e9ria viola\u00e7\u00e3o da Constitui\u00e7\u00e3o e dos padr\u00f5es internacionais de direitos humanos. Suzanne Chivusia, que integra a Comiss\u00e3o, disse em um comunicado que centenas de detidos est\u00e3o em condi\u00e7\u00f5es desumanas e deplor\u00e1veis, e t\u00eam um acesso limitado a alimentos, \u00e1gua e saneamento.<\/p>\n<p>Mwinyi exortou a popula\u00e7\u00e3o a denunciar viola\u00e7\u00f5es cometidas pela for\u00e7a policial. \u201cEstamos prontos, desejando receber, investigar e punir todo oficial implicado em qualquer ato ilegal na opera\u00e7\u00e3o\u201d, afirmou. O presidente da independente Autoridade de Vigil\u00e2ncia Policial, Macharia Njeru, afirmou em um comunicado que est\u00e1 investigando den\u00fancias de deten\u00e7\u00f5es ilegais, elabora\u00e7\u00e3o de perfis \u00e9tnicos e a pr\u00e1tica de manter os detidos incomunic\u00e1veis.<\/p>\n<p>Enquanto isso, o presidente da Organiza\u00e7\u00e3o de Mu\u00e7ulmanos no Qu\u00eania, Fazul Mohammad, disse \u00e0 IPS que buscam adotar um enfoque ideol\u00f3gico para se contrapor \u00e0s interpreta\u00e7\u00f5es enganosas do Cor\u00e3o, por parte de cl\u00e9rigos aliados a terroristas. Trata-se de uma genu\u00edna \u201cjihad\u201d, ou guerra religiosa, contra um setor de l\u00edderes religiosos que prejudicam o Isl\u00e3 e amea\u00e7am a unidade nacional.<\/p>\n<p>\u201cCriamos o cen\u00e1rio para um enfoque dr\u00e1stico e multifacet\u00e1rio, que adote todas as vias para enfrentar a radicaliza\u00e7\u00e3o da juventude, incluindo o controle e a reabilita\u00e7\u00e3o de jovens que desertem ou estejam dispostos a abandonar a Al Shabaab\u201d, ressaltou Mohammad \u00e0 IPS. Envolverde\/IPS<\/p>\n","protected":false},"excerpt":{"rendered":"<p>&nbsp; Nair&oacute;bi, Qu&ecirc;nia, 2\/5\/2014 &ndash; H&aacute; seis anos o governo do Qu&ecirc;nia recebeu um alerta de cl&eacute;rigos mu&ccedil;ulmanos: o movimento extremista Al Shabaab estava radicalizando e recrutando jovens para sua causa isl&acirc;mica. Mas nada foi feito, disse &agrave; IPS Sheij Ahmed, membro do Conselho de Im&atilde;s e Pregadores deste pa&iacute;s. O Estado ignorou esses informes [&hellip;] <a href=\"https:\/\/www.ipsnews.net\/portuguese\/2014\/05\/ultimas-noticias\/polemica-ofensiva-do-quenia-contra-o-extremismo-islamico\/\" class=\"more-link\">Continue Reading <span class=\"meta-nav\">&rarr;<\/span><\/a><\/p>\n","protected":false},"author":2361,"featured_media":0,"comment_status":"open","ping_status":"closed","sticky":false,"template":"","format":"standard","meta":{"footnotes":""},"categories":[1],"tags":[2284,989,3178,1131],"class_list":["post-17434","post","type-post","status-publish","format-standard","hentry","category-ultimas-noticias","tag-extremismo-islamico","tag-inter-press-service-reportagens","tag-ips","tag-quenia"],"_links":{"self":[{"href":"https:\/\/www.ipsnews.net\/portuguese\/wp-json\/wp\/v2\/posts\/17434","targetHints":{"allow":["GET"]}}],"collection":[{"href":"https:\/\/www.ipsnews.net\/portuguese\/wp-json\/wp\/v2\/posts"}],"about":[{"href":"https:\/\/www.ipsnews.net\/portuguese\/wp-json\/wp\/v2\/types\/post"}],"author":[{"embeddable":true,"href":"https:\/\/www.ipsnews.net\/portuguese\/wp-json\/wp\/v2\/users\/2361"}],"replies":[{"embeddable":true,"href":"https:\/\/www.ipsnews.net\/portuguese\/wp-json\/wp\/v2\/comments?post=17434"}],"version-history":[{"count":0,"href":"https:\/\/www.ipsnews.net\/portuguese\/wp-json\/wp\/v2\/posts\/17434\/revisions"}],"wp:attachment":[{"href":"https:\/\/www.ipsnews.net\/portuguese\/wp-json\/wp\/v2\/media?parent=17434"}],"wp:term":[{"taxonomy":"category","embeddable":true,"href":"https:\/\/www.ipsnews.net\/portuguese\/wp-json\/wp\/v2\/categories?post=17434"},{"taxonomy":"post_tag","embeddable":true,"href":"https:\/\/www.ipsnews.net\/portuguese\/wp-json\/wp\/v2\/tags?post=17434"}],"curies":[{"name":"wp","href":"https:\/\/api.w.org\/{rel}","templated":true}]}}