{"id":1829,"date":"2006-06-01T00:00:00","date_gmt":"2006-06-01T00:00:00","guid":{"rendered":"http:\/\/www.ipsnoticias.net\/portuguese\/?p=1829"},"modified":"2006-06-01T00:00:00","modified_gmt":"2006-06-01T00:00:00","slug":"politica-suu-kyi-nao-aceita-liberdade-restrita","status":"publish","type":"post","link":"https:\/\/www.ipsnews.net\/portuguese\/2006\/06\/direitos-humanos\/politica-suu-kyi-nao-aceita-liberdade-restrita\/","title":{"rendered":"Pol\u00edtica: Suu Kyi n\u00e3o aceita liberdade restrita"},"content":{"rendered":"<p>Bangcoc, 01\/06\/2006 &ndash; A l\u00edder pr\u00f3-democr\u00e1tica birmanesa Aung San Suu Kyi, prisioneira da ditadura em seu pa\u00eds, n\u00e3o aceitou uma oferta dos militares para recuperar sua liberdade, sem direito a retomar a atividade pol\u00edtica. <!--more--> Diante desta resposta, a junta militar prolongou novamente sua pris\u00e3o domiciliar, lan\u00e7ando por terra as esperan\u00e7as de uma abertura que criara este m\u00eas na comunidade internacional. As expectativas haviam aumentado, especialmente depois da visita a Rangun, na semana passada, do subsecret\u00e1rio-geral da Organiza\u00e7\u00e3o das Na\u00e7\u00f5es Unidas para Assuntos Pol\u00edticos, Ibrahim Gambari, que teve permiss\u00e3o para conversar por uma hora com a ativista e pr\u00eamio Nobel da Paz. Foi o primeiro contato de Suu Kyi com um visitante estrangeiro nos \u00faltimos dois anos.        <\/p>\n<p>Segundo uma fonte com conhecimento dos procedimentos de Rangun, os militares agiram diferente desta vez, ao informar \u00e0 l\u00edder, no dia 26, que continuaria detida. A reuni\u00e3o com Suu Kyi &quot;foi mais longa do que o usual&quot;, explicou a fonte, que pediu para n\u00e3o ser identificada. &quot;Normalmente, demora uns poucos minutos, pois os oficiais apenas l\u00eaem a declara\u00e7\u00e3o. Por\u00e9m, desta vez, algo mais foi falado&quot;, acrescentou. Nos \u00faltimos dias, outros birmaneses com liga\u00e7\u00f5es dentro desse pa\u00eds asi\u00e1tico puderam reconstruir a mensagem que a junta deu a Suu Kyi, l\u00edder do principal partido de oposi\u00e7\u00e3o, a Liga Nacional pela Democracia (NLD).<\/p>\n<p>O motivo da &quot;discuss\u00e3o de sexta-feira passada entre Suu Kyi e o Conselho de Estado para a Paz e o Desenvolvimento (nome oficial da junta militar) foi que lhe ofereceram liberdade parcial&quot;, explicou Thaun Htun, representante junto \u00e0 ONU do governo birman\u00eas, democraticamente eleito no ex\u00edlio. &quot;O Conselho quer impedir que ela viaje pelo pa\u00eds, que visite a sede da NLD e que regresse \u00e0 pol\u00edtica ativa. O Conselho n\u00e3o se sente seguro com uma nova onda pol\u00edtica que sua liberta\u00e7\u00e3o desataria. Os militares n\u00e3o est\u00e3o prontos para libert\u00e1-la de maneira incondicional&quot;, acrescentou.<\/p>\n<p>Entretanto, Suu Kyi n\u00e3o cedeu. &quot;N\u00e3o aceitou as condi\u00e7\u00f5es porque eram irracionais devido ao seu papel&quot;, disse \u00e0 IPS o presidente da organiza\u00e7\u00e3o n\u00e3o-governamental birmanesa no ex\u00edlio Rede para a Democracia e o Desenvolvimento, Khin Omar. A atual ditadura, que mudou o nome oficial do pa\u00eds para Myanmar, \u00e9 parte de uma sucess\u00e3o de regimes militares que governaram o pa\u00eds desde um golpe de Estado em 1962. \u00c0s v\u00e9speras do s\u00e1bado, quando terminou o \u00faltimo per\u00edodo de pris\u00e3o de Suu Kyi, havia esperan\u00e7as de que seria deixada em liberdade.<\/p>\n<p>No contexto da visita de Gambari a Rangun, o secret\u00e1rio-geral das Na\u00e7\u00f5es Unidas, Kofi Annan, fez um chamado ao homem forte da ditadura birmanesa, general Than Shwe. &quot;Aproveito esta oportunidade para pedir ao general Than Shwe e ao governo que a liberte. Deixo em suas m\u00e3os a responsabilidade de fazer o correto&quot;, afirmou. Entretanto, na ter\u00e7a-feira, Annan lamentou a decis\u00e3o de Rangun de prolongar a pris\u00e3o domiciliar de Suu Kyi. &quot;Estou desiludido porque o governo n\u00e3o decidiu libert\u00e1-la. Continuarei trabalhando com meus s\u00f3cios na regi\u00e3o, como ter\u00e3o notado, alguns dos quais fizeram declara\u00e7\u00f5es pedindo sua liberta\u00e7\u00e3o&quot;, disse Annan aos jornalistas.<\/p>\n<p>Na ter\u00e7a-feira, completou tr\u00eas anos desde que come\u00e7ou o atual per\u00edodo de confinamento de Suu Kyi, presa ap\u00f3s um ataque contra ela e outros membros da NLD, no dia 30 de maio de 2003, por homens ligados \u00e0 junta militar. A ativista permanece detida segundo uma lei de &quot;deten\u00e7\u00e3o preventiva&quot;, de 1875, quando a Birm\u00e2nia era col\u00f4nia brit\u00e2nica. Suu Kyi passou mais de dez dos \u00faltimos 17 anos sob sucessivos per\u00edodos de deten\u00e7\u00e3o, sendo o \u00faltimo o mais severo, j\u00e1 que a junta reduziu todos os contatos que tinha com o exterior, incluindo as visitas de seu m\u00e9dico pessoal, que agora s\u00f3 pode v\u00ea-la a cada oito semanas.<\/p>\n<p>O prolongamento de sua deten\u00e7\u00e3o seguramente acrescentar\u00e1 press\u00e3o internacional contra o regime militar, criticado pelos Estados Unidos e pela Uni\u00e3o Europ\u00e9ia. Washington lidera uma campanha para impor san\u00e7\u00f5es econ\u00f4micas contra a Birm\u00e2nia e levar seu caso ao Conselho de Seguran\u00e7a da ONU. O regime militar, que desesperadamente tenta impedir uma censura nas Na\u00e7\u00f5es Unidas, \u00e9 acusado de bloquear uma prometida reforma pol\u00edtica para poder permanecer no poder. Tamb\u00e9m \u00e9 acusado de viola\u00e7\u00f5es dos direitos humanos. Houve den\u00fancias de casos de trabalho for\u00e7ado, recrutamento de meninos e meninas como soldados, sistem\u00e1ticas viola\u00e7\u00f5es de mulheres, ataques contra as minorias \u00e9tnicas, deten\u00e7\u00e3o de mais de 1,1 mil ativistas pr\u00f3-democr\u00e1ticos e a imposi\u00e7\u00e3o de uma severa censura.<\/p>\n<p>A NLD obteve uma vit\u00f3ria esmagadora nas elei\u00e7\u00f5es gerais de 1990, conquistando 392 das 485 cadeiras no Parlamento, mas os militares se negaram a reconhecer o resultado. O Partido de Unidade Nacional, que representou a junta nas elei\u00e7\u00f5es, conseguiu apenas dez cadeiras. Esta semana ficou claro que os militares est\u00e3o decididos a manter o controle pol\u00edtico do pa\u00eds. O chanceler birman\u00eas disse, na segunda-feira, durante reuni\u00e3o na Mal\u00e1sia do Movimento dos N\u00e3o-Alinhados, que a liberta\u00e7\u00e3o de Suu Kyi &quot;n\u00e3o era um assunto internacional&quot;, mas um caso de pol\u00edtica interna.<\/p>\n<p>Por outro lado, aumentam os temores de que a ativista corra risco de morte se for libertada, sobretudo diante do crescente poder da Associa\u00e7\u00e3o pela Uni\u00e3o, a Solidariedade e o Desenvolvimento, considerada por opositores como uma mil\u00edcia civil. De fato, alguns de seus membros estiveram envolvidos no ataque contra Suu Kyi em 2003. &quot;Estamos preocupados com sua seguran\u00e7a. A junta tem um plano para tomar medidas contra ela mesmo depois de libertada&quot;, disse o ativista pol\u00edtico Khin Omar. (IPS\/Envolverde)<\/p>\n<p>Imagem: BBC<\/p>\n","protected":false},"excerpt":{"rendered":"<p>Bangcoc, 01\/06\/2006 &ndash; A l\u00edder pr\u00f3-democr\u00e1tica birmanesa Aung San Suu Kyi, prisioneira da ditadura em seu pa\u00eds, n\u00e3o aceitou uma oferta dos militares para recuperar sua liberdade, sem direito a retomar a atividade pol\u00edtica. <a href=\"https:\/\/www.ipsnews.net\/portuguese\/2006\/06\/direitos-humanos\/politica-suu-kyi-nao-aceita-liberdade-restrita\/\" class=\"more-link\">Continue Reading <span class=\"meta-nav\">&rarr;<\/span><\/a><\/p>\n","protected":false},"author":133,"featured_media":0,"comment_status":"open","ping_status":"open","sticky":false,"template":"","format":"standard","meta":{"footnotes":""},"categories":[6,11],"tags":[],"class_list":["post-1829","post","type-post","status-publish","format-standard","hentry","category-direitos-humanos","category-politica"],"_links":{"self":[{"href":"https:\/\/www.ipsnews.net\/portuguese\/wp-json\/wp\/v2\/posts\/1829","targetHints":{"allow":["GET"]}}],"collection":[{"href":"https:\/\/www.ipsnews.net\/portuguese\/wp-json\/wp\/v2\/posts"}],"about":[{"href":"https:\/\/www.ipsnews.net\/portuguese\/wp-json\/wp\/v2\/types\/post"}],"author":[{"embeddable":true,"href":"https:\/\/www.ipsnews.net\/portuguese\/wp-json\/wp\/v2\/users\/133"}],"replies":[{"embeddable":true,"href":"https:\/\/www.ipsnews.net\/portuguese\/wp-json\/wp\/v2\/comments?post=1829"}],"version-history":[{"count":0,"href":"https:\/\/www.ipsnews.net\/portuguese\/wp-json\/wp\/v2\/posts\/1829\/revisions"}],"wp:attachment":[{"href":"https:\/\/www.ipsnews.net\/portuguese\/wp-json\/wp\/v2\/media?parent=1829"}],"wp:term":[{"taxonomy":"category","embeddable":true,"href":"https:\/\/www.ipsnews.net\/portuguese\/wp-json\/wp\/v2\/categories?post=1829"},{"taxonomy":"post_tag","embeddable":true,"href":"https:\/\/www.ipsnews.net\/portuguese\/wp-json\/wp\/v2\/tags?post=1829"}],"curies":[{"name":"wp","href":"https:\/\/api.w.org\/{rel}","templated":true}]}}