{"id":18759,"date":"2015-04-06T12:55:25","date_gmt":"2015-04-06T12:55:25","guid":{"rendered":"http:\/\/envolverde.com.br\/?p=132053"},"modified":"2015-04-06T12:55:25","modified_gmt":"2015-04-06T12:55:25","slug":"a-juventude-europeia-desliza-para-a-direita","status":"publish","type":"post","link":"https:\/\/www.ipsnews.net\/portuguese\/2015\/04\/ultimas-noticias\/a-juventude-europeia-desliza-para-a-direita\/","title":{"rendered":"A juventude europeia desliza para a direita"},"content":{"rendered":"<p>Roma, It\u00e1lia, abril\/2015 \u2013 A reelei\u00e7\u00e3o de Benjamin Netanyahu como primeiro-ministro de Israel, no dia 17 de mar\u00e7o, abre uma s\u00e9rie de problemas, com evidentes consequ\u00eancias para o Oriente M\u00e9dio e o resto do mundo, ao dar novas for\u00e7as ao fundamentalismo, debilitar seriamente a Organiza\u00e7\u00e3o para a Liberta\u00e7\u00e3o da Palestina e proporcionar novo vigor ao movimento radical Ham\u00e1s.<\/p>\n<p>Ao analisar as raz\u00f5es da clara vit\u00f3ria de Netanyahu, o jornal israelense <em>Harez<\/em> afirma que 200 mil eleitores tornaram poss\u00edvel o triunfo do partido Likud devido ao medo, insistindo especialmente em que a maioria dos que mudaram sua decis\u00e3o na \u00faltima hora tinha menos de 35 anos.<\/p>\n<p>Em outras palavras, Netanyahu foi capaz de jogar o fator Masada.<\/p>\n<p>Masada \u00e9 um elemento importante na hist\u00f3ria de Israel e em seu imagin\u00e1rio coletivo.<\/p>\n<p>No s\u00e9culo I, os habitantes de uma fortaleza montanhosa, assediada pelas legi\u00f5es romanas triunfantes durante a campanha de conquista de Israel, optaram pelo suic\u00eddio em massa em lugar de se renderem.<\/p>\n<p>Atualmente, os israelenses sentem que est\u00e3o assediados por pa\u00edses vizinhos hostis, come\u00e7ando pelo Ir\u00e3, pelo califado do grupo extremista Estado Isl\u00e2mico (EI) \u2013 que continua com suas investidas \u2013, por uma opini\u00e3o p\u00fablica internacional esmagadoramente negativa e um crescente abandono por parte dos Estados Unidos.<\/p>\n<p>O discurso de Netanyahu no Congresso norte-americano dominado pelos opositores republicanos, no dia 4 de mar\u00e7o, foi interpretado como um ato de rebeldia e dignidade, e n\u00e3o como um enfraquecimento das rela\u00e7\u00f5es fundamentais com Washington.<\/p>\n<p>Seu apoio aos colonos israelenses na Cisjord\u00e2nia e em Gaza, sua nega\u00e7\u00e3o \u00e0 cria\u00e7\u00e3o de um Estado palestino e sua demonstra\u00e7\u00e3o de desprezo por uma comunidade internacional incapaz de compreender os temores de Israel, levou Netanyahu \u00e0 vit\u00f3ria.<\/p>\n<p>Em Israel, ser de esquerda significa aceitar um Estado palestino, ser de direita significa neg\u00e1-lo. No final, o voto de 17 de mar\u00e7o foi a consequ\u00eancia do medo.<\/p>\n<p>Os jovens israelenses n\u00e3o est\u00e3o sozinhos quando caminham para a direita como uma rea\u00e7\u00e3o ao temor. \u00c9 interessante observar que todos os partidos da direita que cresceram na Europa e o Tea Party nos Estados Unidos se baseiam no medo.<\/p>\n<p>A crescente desigualdade social, a magnitude sem precedentes do desemprego juvenil, a redu\u00e7\u00e3o dos servi\u00e7os p\u00fablicos, por exemplo em educa\u00e7\u00e3o e sa\u00fade, a corrup\u00e7\u00e3o, que se converteu em um c\u00e2ncer com esc\u00e2ndalos di\u00e1rios, s\u00e3o fen\u00f4menos que est\u00e3o afetando especialmente os jovens.<\/p>\n<p>A sensa\u00e7\u00e3o generalizada \u00e9 que n\u00e3o h\u00e1 uma resposta clara das institui\u00e7\u00f5es pol\u00edticas aos grandes problemas abertos por uma globaliza\u00e7\u00e3o que se baseia nos mercados e n\u00e3o nos cidad\u00e3os.<\/p>\n<p>\u201cQuando voc\u00ea estava na universidade sabia que encontraria trabalho. N\u00f3s sabemos que n\u00e3o o encontraremos\u201d, nos disse um estudante por ocasi\u00e3o de uma confer\u00eancia da Sociedade para o Desenvolvimento Internacional da qual participei.<\/p>\n<p>O jovem acrescentou: \u201cQuando tinha nossa idade, voc\u00ea fumava, ent\u00e3o n\u00e3o se sabia que causava c\u00e2ncer. N\u00f3s sabemos. Voc\u00ea tomava sol, n\u00e3o sabia que causa melanoma. N\u00f3s sabemos. Voc\u00ea comeu todo tipo de alimento, agora sabemos que muitos fazem mal \u00e0 sa\u00fade. E, por fim, devemos nos defender da podrid\u00e3o da aids, algo que se desconhecia. A tudo isto deve-se acrescentar a mudan\u00e7a clim\u00e1tica\u201d.<\/p>\n<p>\u201c\u00c9 fato que as Na\u00e7\u00f5es Unidas perderam capacidade de governabilidade, que o sistema financeiro n\u00e3o \u00e9 controlado, e que as corpora\u00e7\u00f5es t\u00eam muito mais poder do que os governos nacionais.\u201d<\/p>\n<p>Josep Ramoneda escreveu, no dia 18 de mar\u00e7o, no jornal espanhol <em>El Pa\u00eds<\/em>: \u201cEsper\u00e1vamos que os governos submetessem o mercado \u00e0 democracia, e acontece que o que fazem \u00e9 adaptar a democracia aos mercados; isto \u00e9, esvazi\u00e1-la aos poucos\u201d.<\/p>\n<p>Um estudo sobre os partidos de direita concluiu que grande parte de seus eleitores \u00e9 de jovens. A extrema direita prolifera na Frente Nacional na Fran\u00e7a, no Ukip na Gr\u00e3-Bretanha, na Liga Norte na It\u00e1lia, no partido Alternativa na Alemanha, e o mesmo ocorre na B\u00e9lgica, Dinamarca, Finl\u00e2ndia, Gr\u00e9cia, Holanda, Hungria, Noruega e Su\u00e9cia.<\/p>\n<p>Dessa forma, muitos jovens se refugiam nos partidos que pregam um retorno ao passado glorioso do pa\u00eds, impedem que imigrantes assumam empregos, atacam mu\u00e7ulmanos que desafiam a homogeneidade tradicional do pa\u00eds, para fazer retornar o Estado-na\u00e7\u00e3o e as fun\u00e7\u00f5es que foram delegadas \u00e0 obtusa e arrogante burocracia de Bruxelas, que n\u00e3o foi eleita e n\u00e3o \u00e9 respons\u00e1vel perante os cidad\u00e3os.<\/p>\n<p>Estamos diante de uma importante mudan\u00e7a de \u00e9poca, apesar de ser muito ignorada. A fun\u00e7\u00e3o hist\u00f3rica dos jovens era a de ser fator de mudan\u00e7a. Agora est\u00e3o se convertendo em um fator a favor do <em>statu quo<\/em>.<\/p>\n<p>Tamb\u00e9m h\u00e1 os jovens que se unem ao EI, que promete uma recupera\u00e7\u00e3o da dignidade dos mu\u00e7ulmanos e destruir os xeques corruptos e ditadores, que fazem parte do sistema internacional com o prop\u00f3sito de enriquecerem em lugar de se preocuparem com sua juventude.<\/p>\n<p>S\u00f3 para dar dois exemplos. O que os jovens podem pensar do presidente turco, Recep Tayyip Erdogan, que mandou construir Ak Saray, o pal\u00e1cio presidencial de 300 mil metros quadrados com 1.150 quartos, ou do Banco Central Europeu, que inaugurou uma sede em Frankfurt que custou US$ 1,285 bilh\u00e3o?<\/p>\n<p>O que pensar\u00e3o os jovens do fato de os dez homens mais ricos do mundo que, somente em 2013, aumentaram sua riqueza at\u00e9 um valor equivalente aos or\u00e7amentos somados de Brasil e Canad\u00e1?<\/p>\n<p>Essa mudan\u00e7a geracional deveria ser uma preocupa\u00e7\u00e3o transversal para todos os partidos. O que ocorre na mudan\u00e7a \u00e9 que seguem cortando gastos no sistema de bem-estar social.<\/p>\n<p>Segundo a Organiza\u00e7\u00e3o Internacional do Trabalho, a gera\u00e7\u00e3o que hoje tem entre 18 e 23 anos se aposentar\u00e1 com uma pens\u00e3o m\u00e9dia de US$ 700. Que tipo de sociedade ser\u00e1 essa?<\/p>\n<p><em>* <strong>Roberto Savio <\/strong>\u00e9 fundador da ag\u00eancia IPS e editor da newsletter Other News.<\/em><\/p>\n","protected":false},"excerpt":{"rendered":"<p>Roma, It&aacute;lia, abril\/2015 &ndash; A reelei&ccedil;&atilde;o de Benjamin Netanyahu como primeiro-ministro de Israel, no dia 17 de mar&ccedil;o, abre uma s&eacute;rie de problemas, com evidentes consequ&ecirc;ncias para o Oriente M&eacute;dio e o resto do mundo, ao dar novas for&ccedil;as ao fundamentalismo, debilitar seriamente a Organiza&ccedil;&atilde;o para a Liberta&ccedil;&atilde;o da Palestina e proporcionar novo vigor ao [&hellip;] <a href=\"https:\/\/www.ipsnews.net\/portuguese\/2015\/04\/ultimas-noticias\/a-juventude-europeia-desliza-para-a-direita\/\" class=\"more-link\">Continue Reading <span class=\"meta-nav\">&rarr;<\/span><\/a><\/p>\n","protected":false},"author":375,"featured_media":0,"comment_status":"open","ping_status":"closed","sticky":false,"template":"","format":"standard","meta":{"footnotes":""},"categories":[1],"tags":[1009,3178],"class_list":["post-18759","post","type-post","status-publish","format-standard","hentry","category-ultimas-noticias","tag-inter-press-service-colunistas","tag-ips"],"_links":{"self":[{"href":"https:\/\/www.ipsnews.net\/portuguese\/wp-json\/wp\/v2\/posts\/18759","targetHints":{"allow":["GET"]}}],"collection":[{"href":"https:\/\/www.ipsnews.net\/portuguese\/wp-json\/wp\/v2\/posts"}],"about":[{"href":"https:\/\/www.ipsnews.net\/portuguese\/wp-json\/wp\/v2\/types\/post"}],"author":[{"embeddable":true,"href":"https:\/\/www.ipsnews.net\/portuguese\/wp-json\/wp\/v2\/users\/375"}],"replies":[{"embeddable":true,"href":"https:\/\/www.ipsnews.net\/portuguese\/wp-json\/wp\/v2\/comments?post=18759"}],"version-history":[{"count":1,"href":"https:\/\/www.ipsnews.net\/portuguese\/wp-json\/wp\/v2\/posts\/18759\/revisions"}],"predecessor-version":[{"id":18760,"href":"https:\/\/www.ipsnews.net\/portuguese\/wp-json\/wp\/v2\/posts\/18759\/revisions\/18760"}],"wp:attachment":[{"href":"https:\/\/www.ipsnews.net\/portuguese\/wp-json\/wp\/v2\/media?parent=18759"}],"wp:term":[{"taxonomy":"category","embeddable":true,"href":"https:\/\/www.ipsnews.net\/portuguese\/wp-json\/wp\/v2\/categories?post=18759"},{"taxonomy":"post_tag","embeddable":true,"href":"https:\/\/www.ipsnews.net\/portuguese\/wp-json\/wp\/v2\/tags?post=18759"}],"curies":[{"name":"wp","href":"https:\/\/api.w.org\/{rel}","templated":true}]}}