{"id":1883,"date":"2006-06-19T00:00:00","date_gmt":"2006-06-19T00:00:00","guid":{"rendered":"http:\/\/www.ipsnoticias.net\/portuguese\/?p=1883"},"modified":"2006-06-19T00:00:00","modified_gmt":"2006-06-19T00:00:00","slug":"darfur-soldados-da-onu-sem-tapete-vermelho","status":"publish","type":"post","link":"https:\/\/www.ipsnews.net\/portuguese\/2006\/06\/mundo\/darfur-soldados-da-onu-sem-tapete-vermelho\/","title":{"rendered":"Darfur: Soldados da ONU sem tapete vermelho"},"content":{"rendered":"<p>Nair\u00f3bi, 19\/06\/2006 &ndash; O Sud\u00e3o adota uma linha dura sobre o envio de uma for\u00e7a de paz da Organiza\u00e7\u00e3o das Na\u00e7\u00f5es Unidas para ajudar a proteger civis na regi\u00e3o de Darfur, devastada pela guerra. <!--more--> O governo, que segundo diversas den\u00fancias incentiva as mil\u00edcias \u00e1rabes Janjaweed que atacam a maioria negra da regi\u00e3o, havia anunciado que permitiria a entrada de uma miss\u00e3o de evacua\u00e7\u00e3o na \u00e1rea para planejar a retirada dos capacetes azuis (soldados da ONU). Isto aconteceu depois da assinatura, no m\u00eas passado, de um acordo de paz entre o Sud\u00e3o e a principal fac\u00e7\u00e3o do maior grupo rebelde de Darfur, o Ex\u00e9rcito de Liberta\u00e7\u00e3o do Sud\u00e3o. Outra organiza\u00e7\u00e3o rebelde, o Movimento de Justi\u00e7a e Igualdade, ficou fora do acordo.     <\/p>\n<p>&quot;Nos opomos a qualquer interfer\u00eancia estrangeira em Darfur. Os soldados da ONU complicar\u00e3o as coisas, em lugar de resolv\u00ea-las&quot;, disse na quarta-feira, em Nair\u00f3bi, \u00e0 imprensa o chanceler sudan\u00eas, Elsamani Elwasila. &quot;N\u00e3o queremos que algumas pessoas nos digam o que precisamos. Sabemos do que necessitamos&quot;, acrescentou. Por outro lado, o governo favorece a amplia\u00e7\u00e3o da for\u00e7a de paz da Uni\u00e3o Africana que j\u00e1 est\u00e1 em Darfur, a qual, afirma, tem experi\u00eancia suficiente para manejar a situa\u00e7\u00e3o, embora care\u00e7a de financiamento e apoio log\u00edstico. Atualmente, est\u00e3o em Darfur cerca de 7.200 soldados da Uni\u00e3o Africana, bloco que re\u00fane 53 pa\u00edses.<\/p>\n<p>Existem planos de aumentar essa for\u00e7a para 10 mil efetivos, a fim de melhorar sua capacidade de controle sobre uma regi\u00e3o cuja superf\u00edcie equivale \u00e0 da Fran\u00e7a. Elwasila tamb\u00e9m disse que enviar uma for\u00e7a da ONU levaria v\u00e1rios meses &#8211; estima-se que entre oito e nove &#8211; enquanto os civis de Darfur precisam de prote\u00e7\u00e3o imediata. A ONU deveria \u00e9 se concentrar em atender as necessidades b\u00e1sicas da empobrecida regi\u00e3o. N\u00e3o h\u00e1 recursos b\u00e1sicos. As pessoas bebem nas mesmas fontes onde bebem os animais. Faltam estradas, escolas e instala\u00e7\u00f5es m\u00e9dicas&quot;, afirmou.<\/p>\n<p>&quot;Por essa raz\u00e3o, necessitamos da ONU em toda sua capacidade (a Organiza\u00e7\u00e3o Mundial da Sa\u00fade, o Alto Comissariado das Na\u00e7\u00f5es Unidas para os Refugiados, o Fundo das Na\u00e7\u00f5es Unidas para a Inf\u00e2ncia e outros) para enfrentar os problemas em Darfur&quot;, disse Elwasila. Entretanto, David Mozersky, especialista em assuntos referentes ao Sud\u00e3o do centro de estudos International Crise Group, acredita que h\u00e1 outras raz\u00f5es por tr\u00e1s da retic\u00eancia de Cartum quanto ao envio de efetivos militares da ONU. &quot;O governo teme que uma for\u00e7a das Na\u00e7\u00f5es Unidas em Darfur leve \u00e0 pris\u00e3o de pessoas do governo mencionadas no Tribunal Penal Internacional (TPI) como envolvidas em crimes de guerra na regi\u00e3o&quot;, disse \u00e0 IPS.<\/p>\n<p>No ano passado, o TPI anunciou que come\u00e7aria a investigar os acontecimentos em Darfur, onde o governo \u00e9 acusado de apoiar mil\u00edcias \u00e1rabes apontadas como respons\u00e1veis por abusos dos direitos humanos contra v\u00e1rias minorias \u00e9tnicas da \u00e1rea. Depois, o governo do Sud\u00e3o estabeleceu o Tribunal Penal Especial sobre os Acontecimentos de Darfur, e insistiu que esse \u00f3rg\u00e3o se dedicaria \u00e0s demandas por abusos. Um ano mais tarde, entretanto, organiza\u00e7\u00f5es de direitos humanos, entre elas a Human Rights Watch (HRW), dizem que pouco se fez para levar os respons\u00e1veis pela injusti\u00e7as ao banco dos r\u00e9us.<\/p>\n<p>&quot;Os dados que a HRW conseguiu no primeiro ano de opera\u00e7\u00f5es do tribunal sudan\u00eas indica que as autoridades do pa\u00eds carecem de vontade genu\u00edna para garantir que respons\u00e1veis pelas atrocidades em Darfur sejam levados ao Tribunal Pena Especial&quot;, afirmou a organiza\u00e7\u00e3o, na semana passada, em sua sede em Nova York. Segundo o estudo, at\u00e9 agora somente 13 casos foram levados a julgamento nessa inst\u00e2ncia. Al\u00e9m disso, estes envolviam apenas &quot;delitos comuns, como roubo, posse de bens roubados ou assassinatos individuais sem rela\u00e7\u00e3o com ataques maiores&quot;.<\/p>\n<p>O conflito de Darfur, que teve in\u00edcio no come\u00e7o de 2003, j\u00e1 fez dezenas de milhares de mortos e mais de dois milh\u00f5es de refugiados, segundo dados da ONU. A viol\u00eancia come\u00e7ou quando o Movimento de Liberta\u00e7\u00e3o do Sud\u00e3o e o Movimento da Justi\u00e7a e Igualdade pegaram em armas para protestar contra o abandono da regi\u00e3o por parte do governo. Cartum respondeu tomando por alvo as etnias fur, masalit e zaghawa (considerando que ap\u00f3iam os rebeldes), em parte atrav\u00e9s de atividades de rebeldes \u00e1rabes conhecidos como janjaweed (homens \u00e0 cavalo, em \u00e1rabe). \u00c1rabes n\u00f4mades e comunidades \u00e9tnicas assentadas em Darfur tamb\u00e9m estiveram em desacordo sobre o controle da terra. Funcion\u00e1rios norte-americanos qualificaram de genoc\u00eddio os ataques contra estes grupos. <\/p>\n<p>Afirma-se que os abusos em Darfur incluem viola\u00e7\u00f5es e destrui\u00e7\u00e3o de aldeias. &quot;Nenhum funcion\u00e1rio foi acusado com base na responsabilidade do superior por estes crimes, embora tanto os delitos quanto muitos respons\u00e1veis foram nomeados e s\u00e3o conhecidos dentro do Sud\u00e3o e para a comunidade internacional&quot;, observou a Human Rights Watch. Entretanto, Elwasila disse que os janjaweed n\u00e3o existem. &quot;\u00c9 um jarg\u00e3o usado somente por algumas pessoas. Abrimos o pa\u00eds para que as pessoas vissem se havia algum janjaweed e ningu\u00e9m abriu a boca para falar deles, fora algumas poucas organiza\u00e7\u00f5es n\u00e3o-governamentais&quot;, afirmou em Nair\u00f3bi. (IPS\/Envolverde)<\/p>\n","protected":false},"excerpt":{"rendered":"<p>Nair\u00f3bi, 19\/06\/2006 &ndash; O Sud\u00e3o adota uma linha dura sobre o envio de uma for\u00e7a de paz da Organiza\u00e7\u00e3o das Na\u00e7\u00f5es Unidas para ajudar a proteger civis na regi\u00e3o de Darfur, devastada pela guerra. <a href=\"https:\/\/www.ipsnews.net\/portuguese\/2006\/06\/mundo\/darfur-soldados-da-onu-sem-tapete-vermelho\/\" class=\"more-link\">Continue Reading <span class=\"meta-nav\">&rarr;<\/span><\/a><\/p>\n","protected":false},"author":472,"featured_media":0,"comment_status":"open","ping_status":"open","sticky":false,"template":"","format":"standard","meta":{"footnotes":""},"categories":[6,4,11],"tags":[],"class_list":["post-1883","post","type-post","status-publish","format-standard","hentry","category-direitos-humanos","category-mundo","category-politica"],"_links":{"self":[{"href":"https:\/\/www.ipsnews.net\/portuguese\/wp-json\/wp\/v2\/posts\/1883","targetHints":{"allow":["GET"]}}],"collection":[{"href":"https:\/\/www.ipsnews.net\/portuguese\/wp-json\/wp\/v2\/posts"}],"about":[{"href":"https:\/\/www.ipsnews.net\/portuguese\/wp-json\/wp\/v2\/types\/post"}],"author":[{"embeddable":true,"href":"https:\/\/www.ipsnews.net\/portuguese\/wp-json\/wp\/v2\/users\/472"}],"replies":[{"embeddable":true,"href":"https:\/\/www.ipsnews.net\/portuguese\/wp-json\/wp\/v2\/comments?post=1883"}],"version-history":[{"count":0,"href":"https:\/\/www.ipsnews.net\/portuguese\/wp-json\/wp\/v2\/posts\/1883\/revisions"}],"wp:attachment":[{"href":"https:\/\/www.ipsnews.net\/portuguese\/wp-json\/wp\/v2\/media?parent=1883"}],"wp:term":[{"taxonomy":"category","embeddable":true,"href":"https:\/\/www.ipsnews.net\/portuguese\/wp-json\/wp\/v2\/categories?post=1883"},{"taxonomy":"post_tag","embeddable":true,"href":"https:\/\/www.ipsnews.net\/portuguese\/wp-json\/wp\/v2\/tags?post=1883"}],"curies":[{"name":"wp","href":"https:\/\/api.w.org\/{rel}","templated":true}]}}