{"id":20181,"date":"2015-12-07T12:50:44","date_gmt":"2015-12-07T12:50:44","guid":{"rendered":"http:\/\/www.envolverde.com.br\/?p=203836"},"modified":"2015-12-07T12:50:44","modified_gmt":"2015-12-07T12:50:44","slug":"dinheiro-e-a-chave-da-cupula-climatica","status":"publish","type":"post","link":"https:\/\/www.ipsnews.net\/portuguese\/2015\/12\/ultimas-noticias\/dinheiro-e-a-chave-da-cupula-climatica\/","title":{"rendered":"Dinheiro \u00e9 a chave da c\u00fapula clim\u00e1tica"},"content":{"rendered":"<div id=\"attachment_203837\" style=\"width: 350px\" class=\"wp-caption alignright\"><a href=\"http:\/\/www.envolverde.com.br\/wp-content\/uploads\/2015\/12\/SantaLucia.jpg\"><img class=\"wp-image-203837\" src=\"http:\/\/www.envolverde.com.br\/wp-content\/uploads\/2015\/12\/SantaLucia.jpg\" alt=\"Grande parte dos compromissos financeiros assumidos pelo Norte industrial para ajudar os pa\u00edses em desenvolvimento, como Santa Luc\u00eda (na foto), a lidarem com as consequ\u00eancias da mudan\u00e7a clim\u00e1tica segue sem ser cumprida. Foto: Kenton X. Chance\/IPS\" width=\"340\" height=\"227\" \/><\/a><p class=\"wp-caption-text\">Grande parte dos compromissos financeiros assumidos pelo Norte industrial para ajudar os pa\u00edses em desenvolvimento, como Santa Luc\u00eda (na foto), a lidarem com as consequ\u00eancias da mudan\u00e7a clim\u00e1tica segue sem ser cumprida. Foto: Kenton X. Chance\/IPS<\/p><\/div>\n<p>Por\u00a0Thalif Deen, da IPS &#8211;<\/p>\n<p>Na\u00e7\u00f5es Unidas, 7\/12\/2015 \u2013 A confer\u00eancia da Organiza\u00e7\u00e3o das Na\u00e7\u00f5es Unidas (ONU), que acontece em Paris at\u00e9 o dia 11 e que pretende adotar um hist\u00f3rico tratado internacional sobre a mudan\u00e7a clim\u00e1tica, poderia se encaminhar para um choque pol\u00edtico sobre um dos temas mais controversos nas negocia\u00e7\u00f5es em curso, o financiamento.<\/p>\n<p>Nada se conseguir\u00e1 na c\u00fapula, cujo nome oficial \u00e9 Confer\u00eancia das Partes (COP 21) da Conven\u00e7\u00e3o Marco das Na\u00e7\u00f5es Unidas sobre Mudan\u00e7a Clim\u00e1tica (CMNUCC), sem o financiamento necess\u00e1rio para a adapta\u00e7\u00e3o e o combate \u00e0s consequ\u00eancias negativas do aquecimento do planeta, alertou o Grupo dos 77 (G77) integrado por 132 pa\u00edses em desenvolvimento, inclu\u00edda a China.<\/p>\n<p>A embaixadora da \u00c1frica do Sul junto \u00e0 Organiza\u00e7\u00e3o das Na\u00e7\u00f5es Unidas (ONU), Nozipho Mxakato Diseko, declarou, representando o G77, que muitos dos compromissos assumidos pelos pa\u00edses industrializados ainda n\u00e3o foram cumpridos. \u201cTamb\u00e9m n\u00e3o existe, agora, nenhuma clareza sobre como ser\u00e1 cumprido o compromisso que os pa\u00edses desenvolvidos assumiram h\u00e1 seis anos, de proporcionar US$ 100 bilh\u00f5es por ano at\u00e9 2020 aos pa\u00edses em desenvolvimento\u201d, acrescentou.<\/p>\n<p>Para Diseko, os pa\u00edses do Norte devem tomar a iniciativa na era posterior a 2020, \u201cao cumprir e acelerar a implanta\u00e7\u00e3o e aumentar a ambi\u00e7\u00e3o dos compromissos existentes em mat\u00e9ria de mitiga\u00e7\u00e3o e financiamento, desenvolvimento e transfer\u00eancia de tecnologia, e gera\u00e7\u00e3o de capacidades de apoio aos pa\u00edses em desenvolvimento\u201d.<\/p>\n<p>Enquanto isso, os 48 pa\u00edses menos adiantados (PMA), considerados os mais pobres entre os pobres do mundo, reagiram negativamente \u00e0 promessa dos pa\u00edses ricos de doarem US$ 248 milh\u00f5es ao Fundo PMA, que qualificaram de uma \u201cgota no oceano\u201d. O negociador dos PMA, Giza Gaspar Martins, afirmou que os 500 projetos identificados pelo Fundo PMA necessitam mais de US$ 5 bilh\u00f5es para serem concretizados. Mas, at\u00e9 o momento, o Fundo conta com apenas US$ 859 milh\u00f5es, inclu\u00edda a \u00faltima promessa de US$ 248 milh\u00f5es, que bastam para completar apenas 158 projetos.<\/p>\n<p>A LDC Watch, uma alian\u00e7a de organiza\u00e7\u00f5es n\u00e3o governamentais nos PMA, alertou que nesse ritmo os projetos n\u00e3o poder\u00e3o ser implantados at\u00e9 a data prevista de 2020. Em comunicado divulgado no dia 12, a organiza\u00e7\u00e3o tamb\u00e9m considera improv\u00e1vel que esse dinheiro seja recebido, devido \u00e0 atual situa\u00e7\u00e3o do Fundo Verde para o Clima (FVC), criado ap\u00f3s a Confer\u00eancia de Copenhague em 2009 e que recebeu fundos bem inferiores aos US$ 100 bilh\u00f5es prometidos pelos pa\u00edses do Norte industrializado.<\/p>\n<p>\u201cConsiderando a experi\u00eancia com o FVC, com promessas ap\u00f3s promessas e sem dinheiro sobre a mesa, tenho d\u00favidas de que esses US$ 248 milh\u00f5es chegar\u00e3o em sua totalidade\u201d, opinou Azeb Girmai, da LDC Watch.<\/p>\n<p>O Fundo PMA tem um papel fundamental na resposta \u00e0s necessidades urgentes e imediatas de adapta\u00e7\u00e3o dos PMA, afirmaram os governos de Alemanha, Canad\u00e1, Dinamarca, Estados Unidos, Finl\u00e2ndia, Fran\u00e7a, Gr\u00e3-Bretanha, Irlanda, It\u00e1lia, Su\u00e9cia e Su\u00ed\u00e7a, em um comunicado divulgado ap\u00f3s a promessa de US$ 248 milh\u00f5es. Esse papel se centra na redu\u00e7\u00e3o da vulnerabilidade dos setores e nos recursos que s\u00e3o fundamentais para o desenvolvimento humano, como \u00e1gua, agricultura, seguran\u00e7a alimentar e infraestrutura, segundo s\u00e3o identificados e priorizados nos programas nacionais de adapta\u00e7\u00e3o, acrescenta o comunicado.<\/p>\n<p>O Fundo PMA tamb\u00e9m \u00e9 compat\u00edvel com o processo nacional de planejamento da adapta\u00e7\u00e3o em coordena\u00e7\u00e3o com outros elementos, como meio para reduzir, em m\u00e9dio e longo prazos, a vulnerabilidade \u00e0 mudan\u00e7a clim\u00e1tica e facilitar a integra\u00e7\u00e3o da adapta\u00e7\u00e3o \u00e0s pol\u00edticas p\u00fablicas. Desde a cria\u00e7\u00e3o desse fundo, em 2001, at\u00e9 junho deste ano, foram aprovados US$ 931,5 milh\u00f5es para os projetos, que mobilizaram US$ 3,8 bilh\u00f5es em cofinanciamento em 51 pa\u00edses, segundo o comunicado.<\/p>\n<p>Por\u00e9m, a embaixadora Diseko alerta que a COP 21 n\u00e3o conseguir\u00e1 nada se n\u00e3o se obter os meios de aplica\u00e7\u00e3o para permitir que os pa\u00edses em desenvolvimento enfrentem a mudan\u00e7a clim\u00e1tica. Os fundos, em particular para a transfer\u00eancia de tecnologia e a gera\u00e7\u00e3o de capacidades, s\u00e3o o elemento fundamental na confer\u00eancia de Paris, pontuou.<\/p>\n<p>Diante das d\u00favidas expressadas pelo G77, o secret\u00e1rio-geral da ONU, Ban Ki-moon, declarou, no dia 3, que h\u00e1 dois aspectos nessa situa\u00e7\u00e3o. Em primeiro lugar, o financiamento clim\u00e1tico \u00e9 uma promessa j\u00e1 feita pelos pa\u00edses do Norte, ou seja, dos integrantes da Organiza\u00e7\u00e3o para a Coopera\u00e7\u00e3o e o Desenvolvimento Econ\u00f4mico, afirmou.<\/p>\n<p>\u201cRessaltei aos l\u00edderes do mundo desenvolvido que isso deve ser entregue, e que deve haver uma trajet\u00f3ria pol\u00edtica cr\u00edvel da mobiliza\u00e7\u00e3o dos US$ 100 bilh\u00f5es at\u00e9 2020. Essa \u00e9 uma promessa muito importante e, como j\u00e1 foi informado, confirmou-se que US$ 62 bilh\u00f5es seriam mobilizados at\u00e9 o final de 2014. Agora falamos de 2015, e temos mais cinco anos\u201d, afirmou o secret\u00e1rio-geral.<\/p>\n<p>Ban tamb\u00e9m disse que h\u00e1 outra quest\u00e3o sem resolver, que \u00e9 a diferencia\u00e7\u00e3o. Est\u00e1 claro, considerando os antecedentes hist\u00f3ricos, que os pa\u00edses do Norte deveriam ter a responsabilidade hist\u00f3rica de dar o apoio financeiro e tecnol\u00f3gico aos pa\u00edses em desenvolvimento, particularmente os mais vulner\u00e1veis e os pequenos Estados insulares em desenvolvimento, acrescentou.<\/p>\n<p>De acordo com Ban, \u201co que se discute agora \u00e9 que, apesar de estarmos de acordo no princ\u00edpio de responsabilidades comuns mas diferenciadas, h\u00e1 alguns pa\u00edses, dependentes das na\u00e7\u00f5es desenvolvidas, que t\u00eam diferentes n\u00edveis de desenvolvimento e diversos n\u00edveis de capacidades. Assim, enquanto esperamos que isso seja liderado principalmente pelos pa\u00edses desenvolvidos, deve haver certo equil\u00edbrio por alguns pa\u00edses em desenvolvimento que realmente possam faz\u00ea-lo\u201d.<\/p>\n<p>Um bom exemplo \u00e9 a China, que anunciou US$ 3 bilh\u00f5es para a coopera\u00e7\u00e3o Sul-Sul, embora a quantia n\u00e3o esteja dentro do contexto de responsabilidades comuns mas diferenciadas, apontou Ban. \u201cCreio que isso \u00e9 algo que se pode fazer e que se pode acordar de maneira harmoniosa\u201d, concluiu. Envolverde\/IPS<\/p>\n","protected":false},"excerpt":{"rendered":"<p>Por&nbsp;Thalif Deen, da IPS &ndash; Na&ccedil;&otilde;es Unidas, 7\/12\/2015 &ndash; A confer&ecirc;ncia da Organiza&ccedil;&atilde;o das Na&ccedil;&otilde;es Unidas (ONU), que acontece em Paris at&eacute; o dia 11 e que pretende adotar um hist&oacute;rico tratado internacional sobre a mudan&ccedil;a clim&aacute;tica, poderia se encaminhar para um choque pol&iacute;tico sobre um dos temas mais controversos nas negocia&ccedil;&otilde;es em curso, o [&hellip;] <a href=\"https:\/\/www.ipsnews.net\/portuguese\/2015\/12\/ultimas-noticias\/dinheiro-e-a-chave-da-cupula-climatica\/\" class=\"more-link\">Continue Reading <span class=\"meta-nav\">&rarr;<\/span><\/a><\/p>\n","protected":false},"author":2044,"featured_media":0,"comment_status":"open","ping_status":"closed","sticky":false,"template":"","format":"standard","meta":{"footnotes":""},"categories":[1],"tags":[2830,1639,2763,2781,2934,2458,983,2782,2947],"class_list":["post-20181","post","type-post","status-publish","format-standard","hentry","category-ultimas-noticias","tag-1-1-canais","tag-clima","tag-cop21","tag-featured","tag-financiamento","tag-inter-press-service","tag-mudancas-climaticas","tag-news2","tag-noticias-cop"],"_links":{"self":[{"href":"https:\/\/www.ipsnews.net\/portuguese\/wp-json\/wp\/v2\/posts\/20181","targetHints":{"allow":["GET"]}}],"collection":[{"href":"https:\/\/www.ipsnews.net\/portuguese\/wp-json\/wp\/v2\/posts"}],"about":[{"href":"https:\/\/www.ipsnews.net\/portuguese\/wp-json\/wp\/v2\/types\/post"}],"author":[{"embeddable":true,"href":"https:\/\/www.ipsnews.net\/portuguese\/wp-json\/wp\/v2\/users\/2044"}],"replies":[{"embeddable":true,"href":"https:\/\/www.ipsnews.net\/portuguese\/wp-json\/wp\/v2\/comments?post=20181"}],"version-history":[{"count":1,"href":"https:\/\/www.ipsnews.net\/portuguese\/wp-json\/wp\/v2\/posts\/20181\/revisions"}],"predecessor-version":[{"id":20182,"href":"https:\/\/www.ipsnews.net\/portuguese\/wp-json\/wp\/v2\/posts\/20181\/revisions\/20182"}],"wp:attachment":[{"href":"https:\/\/www.ipsnews.net\/portuguese\/wp-json\/wp\/v2\/media?parent=20181"}],"wp:term":[{"taxonomy":"category","embeddable":true,"href":"https:\/\/www.ipsnews.net\/portuguese\/wp-json\/wp\/v2\/categories?post=20181"},{"taxonomy":"post_tag","embeddable":true,"href":"https:\/\/www.ipsnews.net\/portuguese\/wp-json\/wp\/v2\/tags?post=20181"}],"curies":[{"name":"wp","href":"https:\/\/api.w.org\/{rel}","templated":true}]}}