{"id":21468,"date":"2016-12-09T16:48:50","date_gmt":"2016-12-09T16:48:50","guid":{"rendered":"http:\/\/www.envolverde.com.br\/?p=217108"},"modified":"2016-12-09T16:48:50","modified_gmt":"2016-12-09T16:48:50","slug":"avanco-rumo-as-diretrizes-agroambientais","status":"publish","type":"post","link":"https:\/\/www.ipsnews.net\/portuguese\/2016\/12\/ultimas-noticias\/avanco-rumo-as-diretrizes-agroambientais\/","title":{"rendered":"Avan\u00e7o rumo \u00e0s diretrizes agroambientais"},"content":{"rendered":"<p><strong><em>Escrit\u00f3rio Regional da FAO para a Am\u00e9rica Latina e o Caribe<\/em>*<\/strong><\/p>\n<p>Canc\u00fan, M\u00e9xico, 9\/12\/2016 \u2013 A Organiza\u00e7\u00e3o das Na\u00e7\u00f5es Unidas para a Alimenta\u00e7\u00e3o e a Agricultura (FAO) apresentou as diretrizes volunt\u00e1rias para pol\u00edticas agroambientais, para ministros e representantes de pa\u00edses da Am\u00e9rica Latina e do Caribe, durante evento paralelo \u00e0 reuni\u00e3o da 13\u00ba Confer\u00eancia das Partes (COP 13) do Conv\u00eanio sobre a Diversidade Biol\u00f3gica, em Cancun, no M\u00e9xico. As diretrizes visam a combater os impactos da deteriora\u00e7\u00e3o ambiental e promover uma agricultura sustent\u00e1vel diante das mudan\u00e7as clim\u00e1ticas na regi\u00e3o, um fator fundamental para erradicar a fome e a pobreza rurais.<\/p>\n<p>As diretrizes servem como guia para que os pa\u00edses criem pol\u00edticas que promovam padr\u00f5es de produ\u00e7\u00e3o e de consumo sustent\u00e1veis, que possibilitem transformar seus modelos de produ\u00e7\u00e3o agr\u00edcola para garantir a sustentabilidade de seu desenvolvimento e cumprir o Acordo de Paris. Segundo a FAO, a transi\u00e7\u00e3o para um futuro sustent\u00e1vel requer atuar nas complexas intera\u00e7\u00f5es entre a economia, a sociedade, a agricultura e os ecossistemas naturais.<\/p>\n<p>Os pa\u00edses da Am\u00e9rica Latina e do Caribe compartilham desafios ambientais comuns, que incluem a adapta\u00e7\u00e3o da agricultura \u00e0s mudan\u00e7as clim\u00e1ticas, a conserva\u00e7\u00e3o da biodiversidade, a adequada gest\u00e3o da \u00e1gua e dos solos e a mitiga\u00e7\u00e3o das emiss\u00f5es de gases de efeito estufa. As diretrizes foram apresentadas em um evento paralelo \u00e0 COP 13, promovido pelas mexicanas Comiss\u00e3o Nacional para o Conhecimento e o Uso da Biodiversidade (Conabio), Secretaria da Agricultura, Pecu\u00e1ria, Desenvolvimento Rural, Pesca e Alimenta\u00e7\u00e3o (Sagarpa), Secretaria do Meio Ambiente e Recursos Naturais (Semarnat) e a ong Razonatura.<\/p>\n<p><strong>Proteger os recursos que sustentam a seguran\u00e7a alimentar<\/strong><\/p>\n<p>Na Am\u00e9rica Latina e no Caribe, 37% da superf\u00edcie \u00e9 utilizada para atividades agropecu\u00e1rias, o que representa grandes desafios para a produ\u00e7\u00e3o sustent\u00e1vel e o cuidado com o ambiente. Segundo a FAO, a regi\u00e3o vive uma crescente press\u00e3o sobre os recursos naturais, os quais sustentam a produ\u00e7\u00e3o de alimentos e a seguran\u00e7a alimentar.<\/p>\n<p>As diretrizes apresentadas no marco da COP 13 informam que os impactos da deteriora\u00e7\u00e3o ambiental e da mudan\u00e7a clim\u00e1tica afetam sobretudo os setores sociais mais vulner\u00e1veis. Os agricultores familiares, os pescadores artesanais, os pequenos produtores florestais, os povos ind\u00edgenas e as comunidades tradicionais s\u00e3o os que dependem de maneira mais direta dos recursos naturais para a sua subsist\u00eancia e seguran\u00e7a alimentar.<\/p>\n<p>A agricultura familiar na regi\u00e3o representa 75% do total das unidades produtivas e em alguns pa\u00edses supera os 90%, englobando uma popula\u00e7\u00e3o de 60 milh\u00f5es de pessoas, o que faz com que a prote\u00e7\u00e3o do ambiente e dos recursos naturais dos quais se depende seja crucial para o desenvolvimento atual e futuro.<\/p>\n<div id=\"attachment_217109\" style=\"width: 570px\" class=\"wp-caption aligncenter\"><img class=\"wp-image-217109\" src=\"http:\/\/www.envolverde.com.br\/wp-content\/uploads\/agricultores-3.jpg\" alt=\"Pequenos agricultores trabalhando em uma propriedade familiar, na Am\u00e9rica Latina. Foto: Camilo Vargas\/FAO\" width=\"560\" height=\"257\" srcset=\"http:\/\/www.envolverde.com.br\/wp-content\/uploads\/agricultores-3.jpg 629w, http:\/\/www.envolverde.com.br\/wp-content\/uploads\/agricultores-3-300x138.jpg 300w\" sizes=\"(max-width: 560px) 100vw, 560px\" \/><p class=\"wp-caption-text\">Pequenos agricultores trabalhando em uma propriedade familiar, na Am\u00e9rica Latina. Foto: Camilo Vargas\/FAO<\/p><\/div>\n<p>&nbsp;<\/p>\n<p><strong>O que s\u00e3o as diretrizes volunt\u00e1rias?<\/strong><\/p>\n<p>As diretrizes volunt\u00e1rias para as pol\u00edticas agroambientais t\u00eam sido preparadas por meio de um amplo processo de consultas entre autoridades e especialistas da regi\u00e3o, com o apoio do Programa de Coopera\u00e7\u00e3o Internacional Brasil-FAO. A aplica\u00e7\u00e3o dessas diretrizes poder\u00e1 ampliar os potenciais benef\u00edcios ambientais das atividades agropecu\u00e1rias, florestais, pesqueiras e aqu\u00edcolas, reduzir seus impactos sobre os ecossistemas e melhorar a disponibilidade de alimentos e a seguran\u00e7a alimentar e nutricional.<\/p>\n<p>Os pa\u00edses da regi\u00e3o, com o apoio da FAO, promover\u00e3o essas diretrizes volunt\u00e1rias como um guia para melhorar as pol\u00edticas partir de um enfoque agroambiental que vincula sociedade, territ\u00f3rio, ambiente e economia de maneira mais integrada e harm\u00f4nica. As pol\u00edticas que nascerem dessas diretrizes ser\u00e3o formuladas mediante a intera\u00e7\u00e3o com os diferentes atores locais e visam a promover o desenvolvimento rural com o enfoque territorial e segundo princ\u00edpios de conserva\u00e7\u00e3o e manejo sustent\u00e1vel dos recursos naturais.<\/p>\n<p><strong>Recursos preciosos sob amea\u00e7a<\/strong><\/p>\n<p>A Am\u00e9rica Latina e o Caribe disp\u00f5e de 15% da superf\u00edcie total de terras agr\u00edcolas no mundo, recebe quase 30% das chuvas e gera 33% da lixivia\u00e7\u00e3o mundial. Entretanto, a r\u00e1pida explora\u00e7\u00e3o de minerais, g\u00e1s, florestas e campos est\u00e1 produzindo mudan\u00e7as dram\u00e1ticas no uso da terra: atualmente, a regi\u00e3o sofre 14% da degrada\u00e7\u00e3o mundial dos solos, cifra que chega a 26% na Mesoam\u00e9rica.<\/p>\n<p>Mesmo com a diminui\u00e7\u00e3o do desmatamento nas \u00faltimas d\u00e9cadas, a regi\u00e3o ainda tem a segunda taxa mais alta mundial, e a cada ano mais de dois milh\u00f5es de hectares de florestas s\u00e3o perdidas. Nas \u00faltimas tr\u00eas d\u00e9cadas, a extra\u00e7\u00e3o de \u00e1gua vem multiplicando-se na regi\u00e3o com um ritmo muito superior \u00e0 m\u00e9dia mundial, a maior parte sendo utilizada na agricultura. Envolverde\/IPS<\/p>\n<p><em>* Este artigo foi publicado originalmente pelo Escrit\u00f3rio Regional da FAO para a Am\u00e9rica Latina e o Caribe, com sede em Santiago, capital do Chile. A IPS o distribui por um acordo especial com esse escrit\u00f3rio da FAO.<\/em><\/p>\n<p>O post <a rel=\"nofollow\" href=\"http:\/\/www.envolverde.com.br\/1-1-canais\/avanco-rumo-as-diretrizes-agroambientais\/\">Avan\u00e7o rumo \u00e0s diretrizes agroambientais<\/a> apareceu primeiro em <a rel=\"nofollow\" href=\"http:\/\/www.envolverde.com.br\/\">Envolverde<\/a>.<\/p>\n","protected":false},"excerpt":{"rendered":"<p>Escrit&oacute;rio Regional da FAO para a Am&eacute;rica Latina e o Caribe* Canc&uacute;n, M&eacute;xico, 9\/12\/2016 &ndash; A Organiza&ccedil;&atilde;o das Na&ccedil;&otilde;es Unidas para a Alimenta&ccedil;&atilde;o e a Agricultura (FAO) apresentou as diretrizes volunt&aacute;rias para pol&iacute;ticas agroambientais, para ministros e representantes de pa&iacute;ses da Am&eacute;rica Latina e do Caribe, durante evento paralelo &agrave; reuni&atilde;o da 13&ordm; Confer&ecirc;ncia das [&hellip;]<\/p>\n<p>O post <a rel=\"nofollow\" href=\"http:\/\/www.envolverde.com.br\/1-1-canais\/avanco-rumo-as-diretrizes-agroambientais\/\">Avan&ccedil;o rumo &agrave;s diretrizes agroambientais<\/a> apareceu primeiro em <a rel=\"nofollow\" href=\"http:\/\/www.envolverde.com.br\/\">Envolverde<\/a>.<\/p>\n<p> <a href=\"https:\/\/www.ipsnews.net\/portuguese\/2016\/12\/ultimas-noticias\/avanco-rumo-as-diretrizes-agroambientais\/\" class=\"more-link\">Continue Reading <span class=\"meta-nav\">&rarr;<\/span><\/a><\/p>\n","protected":false},"author":421,"featured_media":0,"comment_status":"open","ping_status":"closed","sticky":false,"template":"","format":"standard","meta":{"footnotes":""},"categories":[1],"tags":[2830,2781,1093,3043,2782],"class_list":["post-21468","post","type-post","status-publish","format-standard","hentry","category-ultimas-noticias","tag-1-1-canais","tag-featured","tag-meio-ambiente","tag-mundo-inter-press-service","tag-news2"],"_links":{"self":[{"href":"https:\/\/www.ipsnews.net\/portuguese\/wp-json\/wp\/v2\/posts\/21468","targetHints":{"allow":["GET"]}}],"collection":[{"href":"https:\/\/www.ipsnews.net\/portuguese\/wp-json\/wp\/v2\/posts"}],"about":[{"href":"https:\/\/www.ipsnews.net\/portuguese\/wp-json\/wp\/v2\/types\/post"}],"author":[{"embeddable":true,"href":"https:\/\/www.ipsnews.net\/portuguese\/wp-json\/wp\/v2\/users\/421"}],"replies":[{"embeddable":true,"href":"https:\/\/www.ipsnews.net\/portuguese\/wp-json\/wp\/v2\/comments?post=21468"}],"version-history":[{"count":1,"href":"https:\/\/www.ipsnews.net\/portuguese\/wp-json\/wp\/v2\/posts\/21468\/revisions"}],"predecessor-version":[{"id":21469,"href":"https:\/\/www.ipsnews.net\/portuguese\/wp-json\/wp\/v2\/posts\/21468\/revisions\/21469"}],"wp:attachment":[{"href":"https:\/\/www.ipsnews.net\/portuguese\/wp-json\/wp\/v2\/media?parent=21468"}],"wp:term":[{"taxonomy":"category","embeddable":true,"href":"https:\/\/www.ipsnews.net\/portuguese\/wp-json\/wp\/v2\/categories?post=21468"},{"taxonomy":"post_tag","embeddable":true,"href":"https:\/\/www.ipsnews.net\/portuguese\/wp-json\/wp\/v2\/tags?post=21468"}],"curies":[{"name":"wp","href":"https:\/\/api.w.org\/{rel}","templated":true}]}}