{"id":22023,"date":"2018-03-14T18:17:47","date_gmt":"2018-03-14T18:17:47","guid":{"rendered":"http:\/\/envolverde.cartacapital.com.br\/?p=227411"},"modified":"2018-03-14T18:17:47","modified_gmt":"2018-03-14T18:17:47","slug":"conheca-o-que-e-o-8o-forum-mundial-da-agua","status":"publish","type":"post","link":"https:\/\/www.ipsnews.net\/portuguese\/2018\/03\/ultimas-noticias\/conheca-o-que-e-o-8o-forum-mundial-da-agua\/","title":{"rendered":"Conhe\u00e7a o que \u00e9 o 8\u00ba F\u00f3rum Mundial da \u00c1gua"},"content":{"rendered":"<p><img class=\"alignleft size-thumbnail wp-image-223734\" src=\"http:\/\/envolverde.cartacapital.com.br\/wp-content\/uploads\/ods6-150x150.png\" alt=\"\" width=\"150\" height=\"150\" srcset=\"http:\/\/envolverde.cartacapital.com.br\/wp-content\/uploads\/ods6-150x150.png 150w, http:\/\/envolverde.cartacapital.com.br\/wp-content\/uploads\/ods6-300x300.png 300w, http:\/\/envolverde.cartacapital.com.br\/wp-content\/uploads\/ods6.png 466w\" sizes=\"(max-width: 150px) 100vw, 150px\" \/>Pela primeira vez, o maior evento mundial sobre \u00e1gua vai acontecer no hemisf\u00e9rio Sul. O 8\u00ba F\u00f3rum Mundial da \u00c1gua ser\u00e1 em Bras\u00edlia, de 18 a 23 de mar\u00e7o de 2018.<br \/>\nO 8\u00b0 F\u00f3rum \u00e9 realizado e organizado pelo Governo Federal, por meio do Minist\u00e9rio do Meio Ambiente, Governo do Distrito Federal e Conselho Mundial da \u00c1gua, com apoio da Ag\u00eancia Nacional de \u00c1guas (ANA) e da Ag\u00eancia Reguladora de \u00c1guas, Energia e Saneamento B\u00e1sico do Distrito Federal (Adasa). As edi\u00e7\u00f5es anteriores do F\u00f3rum Mundial da \u00c1gua aconteceram em Marraquexe, Marrocos (1997); Haia, Holanda (2000); Quioto, Shiga e Osaka, Jap\u00e3o (2003); Cidade do M\u00e9xico, M\u00e9xico (2006); Istambul, Turquia (2009); Marselha, Fran\u00e7a (2012); e Daegu e Gyeongbuk, Coreia do Sul (2015).<br \/>\nO evento chegar\u00e1 pela primeira vez no hemisf\u00e9rio sul, trazendo a tem\u00e1tica \u2018Compartilhando \u00c1gua\u2019, exatamente num momento em que o Brasil passa por diversos den\u00fancias de mau uso de seus recursos h\u00eddricos, escassez, polui\u00e7\u00e3o e morte de rios e mudan\u00e7as nos regimes de chuvas e de \u00edndices pluviom\u00e9tricos.<br \/>\nO F\u00f3rum oportuniza um di\u00e1logo mundial, aberto e democr\u00e1tico, para estabelecer compromissos pol\u00edticos relacionados \u00e0 \u00e1gua. Tamb\u00e9m incentiva o uso racional, conserva\u00e7\u00e3o, prote\u00e7\u00e3o, planejamento e gest\u00e3o deste recurso em todos os setores da sociedade.<br \/>\nDurante o 8\u00ba F\u00f3rum Mundial da \u00c1gua, os participantes poder\u00e3o participar de atividades e discuss\u00f5es sobre o tema em diversas vertentes, tais como \u00e1gua e energia, economia, alimentos, cidades e ecossistemas, debates pol\u00edticos entre autoridades governamentais e parlamentares, grupo focal de sustentabilidade; e interagir no F\u00f3rum Cidad\u00e3o, uma plataforma para incentivar a participa\u00e7\u00e3o efetiva da sociedade civil, al\u00e9m de exposi\u00e7\u00e3o e feira.<br \/>\nO evento acontecer\u00e1 de 18 a 23 de mar\u00e7o de 2018, no Centro de Conven\u00e7\u00f5es Ulisses Guimar\u00e3es. (#Envolverde)<\/p>\n<p>O post <a rel=\"nofollow\" href=\"http:\/\/envolverde.cartacapital.com.br\/conheca-o-que-e-o-8o-forum-mundial-da-agua\/\">Conhe\u00e7a o que \u00e9 o 8\u00ba F\u00f3rum Mundial da \u00c1gua<\/a> apareceu primeiro em <a rel=\"nofollow\" href=\"http:\/\/envolverde.cartacapital.com.br\/\">Envolverde - Revista Digital<\/a>.<\/p>\n","protected":false},"excerpt":{"rendered":"<p>Pela primeira vez, o maior evento mundial sobre &aacute;gua vai acontecer no hemisf&eacute;rio Sul. O 8&ordm; F&oacute;rum Mundial da &Aacute;gua ser&aacute; em Bras&iacute;lia, de 18 a 23 de mar&ccedil;o de 2018. O 8&deg; F&oacute;rum &eacute; realizado e organizado pelo Governo Federal, por meio do Minist&eacute;rio do Meio Ambiente, Governo do Distrito Federal e Conselho Mundial da &Aacute;gua, com apoio da Ag&ecirc;ncia Nacional de &Aacute;guas (ANA) e da Ag&ecirc;ncia Reguladora de &Aacute;guas, Energia e Saneamento B&aacute;sico do Distrito Federal (Adasa). As edi&ccedil;&otilde;es anteriores do F&oacute;rum Mundial da &Aacute;gua aconteceram em Marraquexe, Marrocos (1997); Haia, Holanda (2000); Quioto, Shiga e Osaka, Jap&atilde;o (2003); Cidade do M&eacute;xico, M&eacute;xico (2006); Istambul, Turquia (2009); Marselha, Fran&ccedil;a (2012); e Daegu e Gyeongbuk, Coreia do Sul (2015). O evento chegar&aacute; pela primeira vez no hemisf&eacute;rio sul, trazendo a tem&aacute;tica &lsquo;Compartilhando &Aacute;gua&rsquo;, exatamente num momento em que o Brasil passa por diversos den&uacute;ncias de mau uso de seus recursos h&iacute;dricos, escassez, polui&ccedil;&atilde;o e morte de rios e mudan&ccedil;as nos regimes de chuvas e de &iacute;ndices pluviom&eacute;tricos. O F&oacute;rum oportuniza um di&aacute;logo mundial, aberto e democr&aacute;tico, para estabelecer compromissos pol&iacute;ticos relacionados &agrave; &aacute;gua. Tamb&eacute;m incentiva o uso racional, conserva&ccedil;&atilde;o, prote&ccedil;&atilde;o, planejamento e gest&atilde;o deste recurso em todos os setores da sociedade. Durante o 8&ordm; F&oacute;rum Mundial da &Aacute;gua, os participantes poder&atilde;o participar de atividades e discuss&otilde;es sobre o tema em diversas vertentes, tais como &aacute;gua e energia, economia, alimentos, cidades e ecossistemas, debates pol&iacute;ticos entre autoridades governamentais e parlamentares, grupo focal de sustentabilidade; e interagir no F&oacute;rum Cidad&atilde;o, uma plataforma para incentivar a participa&ccedil;&atilde;o efetiva da sociedade civil, al&eacute;m de exposi&ccedil;&atilde;o e feira. O evento acontecer&aacute; de 18 a 23 de mar&ccedil;o de 2018, no Centro de Conven&ccedil;&otilde;es Ulisses Guimar&atilde;es. (#Envolverde)<\/p>\n<p>O post <a rel=\"nofollow\" href=\"http:\/\/envolverde.cartacapital.com.br\/conheca-o-que-e-o-8o-forum-mundial-da-agua\/\">Conhe&ccedil;a o que &eacute; o 8&ordm; F&oacute;rum Mundial da &Aacute;gua<\/a> apareceu primeiro em <a rel=\"nofollow\" href=\"http:\/\/envolverde.cartacapital.com.br\/\">Envolverde &#8211; Revista Digital<\/a>.<\/p>\n<p> <a href=\"https:\/\/www.ipsnews.net\/portuguese\/2018\/03\/ultimas-noticias\/conheca-o-que-e-o-8o-forum-mundial-da-agua\/\" class=\"more-link\">Continue Reading <span class=\"meta-nav\">&rarr;<\/span><\/a><\/p>\n","protected":false},"author":2044,"featured_media":0,"comment_status":"open","ping_status":"closed","sticky":false,"template":"","format":"standard","meta":{"footnotes":""},"categories":[8,1],"tags":[1465,3011,1639,3156,3158,2272,3043,3155,1010],"class_list":["post-22023","post","type-post","status-publish","format-standard","hentry","category-ambiente","category-ultimas-noticias","tag-agua","tag-bem-estar","tag-clima","tag-contentengine","tag-destaques","tag-futuro","tag-mundo-inter-press-service","tag-ods6","tag-sociedade"],"_links":{"self":[{"href":"https:\/\/www.ipsnews.net\/portuguese\/wp-json\/wp\/v2\/posts\/22023","targetHints":{"allow":["GET"]}}],"collection":[{"href":"https:\/\/www.ipsnews.net\/portuguese\/wp-json\/wp\/v2\/posts"}],"about":[{"href":"https:\/\/www.ipsnews.net\/portuguese\/wp-json\/wp\/v2\/types\/post"}],"author":[{"embeddable":true,"href":"https:\/\/www.ipsnews.net\/portuguese\/wp-json\/wp\/v2\/users\/2044"}],"replies":[{"embeddable":true,"href":"https:\/\/www.ipsnews.net\/portuguese\/wp-json\/wp\/v2\/comments?post=22023"}],"version-history":[{"count":1,"href":"https:\/\/www.ipsnews.net\/portuguese\/wp-json\/wp\/v2\/posts\/22023\/revisions"}],"predecessor-version":[{"id":22024,"href":"https:\/\/www.ipsnews.net\/portuguese\/wp-json\/wp\/v2\/posts\/22023\/revisions\/22024"}],"wp:attachment":[{"href":"https:\/\/www.ipsnews.net\/portuguese\/wp-json\/wp\/v2\/media?parent=22023"}],"wp:term":[{"taxonomy":"category","embeddable":true,"href":"https:\/\/www.ipsnews.net\/portuguese\/wp-json\/wp\/v2\/categories?post=22023"},{"taxonomy":"post_tag","embeddable":true,"href":"https:\/\/www.ipsnews.net\/portuguese\/wp-json\/wp\/v2\/tags?post=22023"}],"curies":[{"name":"wp","href":"https:\/\/api.w.org\/{rel}","templated":true}]}}