{"id":22124,"date":"2018-04-12T20:02:59","date_gmt":"2018-04-12T20:02:59","guid":{"rendered":"http:\/\/envolverde.cartacapital.com.br\/?p=228306"},"modified":"2018-04-12T20:02:59","modified_gmt":"2018-04-12T20:02:59","slug":"estudos-provam-que-exames-clinicos-nao-encarecem-sistema-de-saude","status":"publish","type":"post","link":"https:\/\/www.ipsnews.net\/portuguese\/2018\/04\/ultimas-noticias\/estudos-provam-que-exames-clinicos-nao-encarecem-sistema-de-saude\/","title":{"rendered":"Estudos provam que exames cl\u00ednicos n\u00e3o encarecem sistema de sa\u00fade"},"content":{"rendered":"<p><img class=\"alignleft size-thumbnail wp-image-220417\" src=\"http:\/\/envolverde.cartacapital.com.br\/wp-content\/uploads\/ODS3-150x150.png\" alt=\"\" width=\"150\" height=\"150\" srcset=\"http:\/\/envolverde.cartacapital.com.br\/wp-content\/uploads\/ODS3-150x150.png 150w, http:\/\/envolverde.cartacapital.com.br\/wp-content\/uploads\/ODS3-300x300.png 300w, http:\/\/envolverde.cartacapital.com.br\/wp-content\/uploads\/ODS3.png 466w\" sizes=\"(max-width: 150px) 100vw, 150px\" \/>Estudos recentes revelam que, ao longo de 10 anos, os gastos anuais com exames laboratoriais representam somente 1,4% na Alemanha, 1,6% na It\u00e1lia e 2,3% nos Estados Unidos. Segundo Alex Galoro, patologista cl\u00ednico e ex-presidente da SBPC\/ML isso significa que &#8220;os exames laboratoriais n\u00e3o representam o principal problema do sistema de sa\u00fade e comprova que o foco da realiza\u00e7\u00e3o de exames, deve ser principalmente na preven\u00e7\u00e3o e diagn\u00f3stico precoce de doen\u00e7as, que pode culminar na redu\u00e7\u00e3o de custos do sistema&#8221;.<br \/>\nO c\u00e2ncer, por exemplo, \u00e9 uma patologia que apresenta valores altos para tratamento. Por isso, atrav\u00e9s de conceitos de epidemiologia (ci\u00eancia que estuda os fatores determinantes e os padr\u00f5es da ocorr\u00eancia de doen\u00e7as em popula\u00e7\u00f5es humanas) define-se em que faixa et\u00e1ria o custo para realiza\u00e7\u00e3o de exames de marcadores tumorais \u00e9 expressivamente menor do que o custo para o tratamento dos casos diagnosticados. Segundo o patologista cl\u00ednico, &#8220;pensando-se no aspecto populacional, epidemiol\u00f3gico e da gest\u00e3o dos sistemas de sa\u00fade, justifica-se tal decis\u00e3o, por\u00e9m a mesma parece injusta quando se pensa no aspecto individual, no paciente que \u00e9 uma &#8216;exce\u00e7\u00e3o \u00e0 regra&#8217; e poderia ter sua doen\u00e7a prevenida, diagnosticada e tratada precocemente&#8221;.<br \/>\nOs exames complementares podem e devem ser utilizados, considerando a sua capacidade de trazer ao m\u00e9dico solicitante as respostas \u00e0s suas hip\u00f3teses e o custo deste procedimento. &#8220;Este deve ser o norte da comunidade m\u00e9dica, na hora de solicitar exames aos pacientes, promovendo o equil\u00edbrio entre a gest\u00e3o dos recursos dispon\u00edveis e obten\u00e7\u00e3o do melhor resultado poss\u00edvel para a preven\u00e7\u00e3o, diagn\u00f3stico e monitoramento de doen\u00e7as na popula\u00e7\u00e3o atendida&#8221;, afirma Galoro. (#Envolverde)<\/p>\n<p>O post <a rel=\"nofollow\" href=\"http:\/\/envolverde.cartacapital.com.br\/estudos-provam-que-exames-clinicos-nao-encarecem-sistema-de-saude\/\">Estudos provam que exames cl\u00ednicos n\u00e3o encarecem sistema de sa\u00fade<\/a> apareceu primeiro em <a rel=\"nofollow\" href=\"http:\/\/envolverde.cartacapital.com.br\/\">Envolverde - Revista Digital<\/a>.<\/p>\n","protected":false},"excerpt":{"rendered":"<p>Estudos recentes revelam que, ao longo de 10 anos, os gastos anuais com exames laboratoriais representam somente 1,4% na Alemanha, 1,6% na It&aacute;lia e 2,3% nos Estados Unidos. Segundo Alex Galoro, patologista cl&iacute;nico e ex-presidente da SBPC\/ML isso significa que &ldquo;os exames laboratoriais n&atilde;o representam o principal problema do sistema de sa&uacute;de e comprova que o foco da realiza&ccedil;&atilde;o de exames, deve ser principalmente na preven&ccedil;&atilde;o e diagn&oacute;stico precoce de doen&ccedil;as, que pode culminar na redu&ccedil;&atilde;o de custos do sistema&rdquo;. O c&acirc;ncer, por exemplo, &eacute; uma patologia que apresenta valores altos para tratamento. Por isso, atrav&eacute;s de conceitos de epidemiologia (ci&ecirc;ncia que estuda os fatores determinantes e os padr&otilde;es da ocorr&ecirc;ncia de doen&ccedil;as em popula&ccedil;&otilde;es humanas) define-se em que faixa et&aacute;ria o custo para realiza&ccedil;&atilde;o de exames de marcadores tumorais &eacute; expressivamente menor do que o custo para o tratamento dos casos diagnosticados. Segundo o patologista cl&iacute;nico, &ldquo;pensando-se no aspecto populacional, epidemiol&oacute;gico e da gest&atilde;o dos sistemas de sa&uacute;de, justifica-se tal decis&atilde;o, por&eacute;m a mesma parece injusta quando se pensa no aspecto individual, no paciente que &eacute; uma &lsquo;exce&ccedil;&atilde;o &agrave; regra&rsquo; e poderia ter sua doen&ccedil;a prevenida, diagnosticada e tratada precocemente&rdquo;. Os exames complementares podem e devem ser utilizados, considerando a sua capacidade de trazer ao m&eacute;dico solicitante as respostas &agrave;s suas hip&oacute;teses e o custo deste procedimento. &ldquo;Este deve ser o norte da comunidade m&eacute;dica, na hora de solicitar exames aos pacientes, promovendo o equil&iacute;brio entre a gest&atilde;o dos recursos dispon&iacute;veis e obten&ccedil;&atilde;o do melhor resultado poss&iacute;vel para a preven&ccedil;&atilde;o, diagn&oacute;stico e monitoramento de doen&ccedil;as na popula&ccedil;&atilde;o atendida&rdquo;, afirma Galoro. (#Envolverde)<\/p>\n<p>O post <a rel=\"nofollow\" href=\"http:\/\/envolverde.cartacapital.com.br\/estudos-provam-que-exames-clinicos-nao-encarecem-sistema-de-saude\/\">Estudos provam que exames cl&iacute;nicos n&atilde;o encarecem sistema de sa&uacute;de<\/a> apareceu primeiro em <a rel=\"nofollow\" href=\"http:\/\/envolverde.cartacapital.com.br\/\">Envolverde &#8211; Revista Digital<\/a>.<\/p>\n<p> <a href=\"https:\/\/www.ipsnews.net\/portuguese\/2018\/04\/ultimas-noticias\/estudos-provam-que-exames-clinicos-nao-encarecem-sistema-de-saude\/\" class=\"more-link\">Continue Reading <span class=\"meta-nav\">&rarr;<\/span><\/a><\/p>\n","protected":false},"author":2044,"featured_media":0,"comment_status":"open","ping_status":"closed","sticky":false,"template":"","format":"standard","meta":{"footnotes":""},"categories":[7,1],"tags":[3011,3156,3043,1022,3163,1010],"class_list":["post-22124","post","type-post","status-publish","format-standard","hentry","category-saude","category-ultimas-noticias","tag-bem-estar","tag-contentengine","tag-mundo-inter-press-service","tag-noticias","tag-ods3","tag-sociedade"],"_links":{"self":[{"href":"https:\/\/www.ipsnews.net\/portuguese\/wp-json\/wp\/v2\/posts\/22124","targetHints":{"allow":["GET"]}}],"collection":[{"href":"https:\/\/www.ipsnews.net\/portuguese\/wp-json\/wp\/v2\/posts"}],"about":[{"href":"https:\/\/www.ipsnews.net\/portuguese\/wp-json\/wp\/v2\/types\/post"}],"author":[{"embeddable":true,"href":"https:\/\/www.ipsnews.net\/portuguese\/wp-json\/wp\/v2\/users\/2044"}],"replies":[{"embeddable":true,"href":"https:\/\/www.ipsnews.net\/portuguese\/wp-json\/wp\/v2\/comments?post=22124"}],"version-history":[{"count":1,"href":"https:\/\/www.ipsnews.net\/portuguese\/wp-json\/wp\/v2\/posts\/22124\/revisions"}],"predecessor-version":[{"id":22125,"href":"https:\/\/www.ipsnews.net\/portuguese\/wp-json\/wp\/v2\/posts\/22124\/revisions\/22125"}],"wp:attachment":[{"href":"https:\/\/www.ipsnews.net\/portuguese\/wp-json\/wp\/v2\/media?parent=22124"}],"wp:term":[{"taxonomy":"category","embeddable":true,"href":"https:\/\/www.ipsnews.net\/portuguese\/wp-json\/wp\/v2\/categories?post=22124"},{"taxonomy":"post_tag","embeddable":true,"href":"https:\/\/www.ipsnews.net\/portuguese\/wp-json\/wp\/v2\/tags?post=22124"}],"curies":[{"name":"wp","href":"https:\/\/api.w.org\/{rel}","templated":true}]}}