{"id":22170,"date":"2018-04-26T01:28:02","date_gmt":"2018-04-26T01:28:02","guid":{"rendered":"http:\/\/envolverde.cartacapital.com.br\/?p=228982"},"modified":"2018-04-26T01:28:02","modified_gmt":"2018-04-26T01:28:02","slug":"oms-alerta-que-combate-a-malaria-estagnou-no-mundo","status":"publish","type":"post","link":"https:\/\/www.ipsnews.net\/portuguese\/2018\/04\/ultimas-noticias\/oms-alerta-que-combate-a-malaria-estagnou-no-mundo\/","title":{"rendered":"OMS alerta que combate a mal\u00e1ria estagnou no mundo"},"content":{"rendered":"<p><img class=\"alignleft size-thumbnail wp-image-220417\" src=\"http:\/\/envolverde.cartacapital.com.br\/wp-content\/uploads\/ODS3-150x150.png\" alt=\"\" width=\"150\" height=\"150\" srcset=\"http:\/\/envolverde.cartacapital.com.br\/wp-content\/uploads\/ODS3-150x150.png 150w, http:\/\/envolverde.cartacapital.com.br\/wp-content\/uploads\/ODS3-300x300.png 300w, http:\/\/envolverde.cartacapital.com.br\/wp-content\/uploads\/ODS3.png 466w\" sizes=\"(max-width: 150px) 100vw, 150px\" \/>No Dia Mundial da Mal\u00e1ria, a Organiza\u00e7\u00e3o Mundial da Sa\u00fade (OMS) alerta que a resposta global \u00e0 doen\u00e7a est\u00e1 numa esp\u00e9cie de encruzilhada j\u00e1 que, ap\u00f3s um per\u00edodo de sucesso sem precedentes no controle da enfermidade, o progresso parou.<\/p>\n<p>Dados da entidade revelam que, em 2016, foram contabilizados cerca de 216 milh\u00f5es de casos de mal\u00e1ria em 91 pa\u00edses \u2013 um aumento de 5 milh\u00f5es em rela\u00e7\u00e3o ao ano anterior. As mortes pela doen\u00e7a totalizaram 445 mil no mesmo ano, n\u00famero similar ao registrado em 2015 (446 mil mortes). Fonte AgBr (#Envolverde)<\/p>\n<p>O post <a rel=\"nofollow\" href=\"http:\/\/envolverde.cartacapital.com.br\/oms-alerta-que-combate-a-malaria-estagnou-no-mundo\/\">OMS alerta que combate a mal\u00e1ria estagnou no mundo<\/a> apareceu primeiro em <a rel=\"nofollow\" href=\"http:\/\/envolverde.cartacapital.com.br\/\">Envolverde - Revista Digital<\/a>.<\/p>\n","protected":false},"excerpt":{"rendered":"<p>No Dia Mundial da Mal&aacute;ria, a Organiza&ccedil;&atilde;o Mundial da Sa&uacute;de (OMS) alerta que a resposta global &agrave; doen&ccedil;a est&aacute; numa esp&eacute;cie de encruzilhada j&aacute; que, ap&oacute;s um per&iacute;odo de sucesso sem precedentes no controle da enfermidade, o progresso parou. Dados da entidade revelam que, em 2016, foram contabilizados cerca de 216 milh&otilde;es de casos de mal&aacute;ria em 91 pa&iacute;ses &ndash; um aumento de 5 milh&otilde;es em rela&ccedil;&atilde;o ao ano anterior. As mortes pela doen&ccedil;a totalizaram 445 mil no mesmo ano, n&uacute;mero similar ao registrado em 2015 (446 mil mortes). Fonte AgBr (#Envolverde)<\/p>\n<p>O post <a rel=\"nofollow\" href=\"http:\/\/envolverde.cartacapital.com.br\/oms-alerta-que-combate-a-malaria-estagnou-no-mundo\/\">OMS alerta que combate a mal&aacute;ria estagnou no mundo<\/a> apareceu primeiro em <a rel=\"nofollow\" href=\"http:\/\/envolverde.cartacapital.com.br\/\">Envolverde &#8211; Revista Digital<\/a>.<\/p>\n<p> <a href=\"https:\/\/www.ipsnews.net\/portuguese\/2018\/04\/ultimas-noticias\/oms-alerta-que-combate-a-malaria-estagnou-no-mundo\/\" class=\"more-link\">Continue Reading <span class=\"meta-nav\">&rarr;<\/span><\/a><\/p>\n","protected":false},"author":2044,"featured_media":0,"comment_status":"open","ping_status":"closed","sticky":false,"template":"","format":"standard","meta":{"footnotes":""},"categories":[8,7,1],"tags":[3156,3043,1022,3163,1010],"class_list":["post-22170","post","type-post","status-publish","format-standard","hentry","category-ambiente","category-saude","category-ultimas-noticias","tag-contentengine","tag-mundo-inter-press-service","tag-noticias","tag-ods3","tag-sociedade"],"_links":{"self":[{"href":"https:\/\/www.ipsnews.net\/portuguese\/wp-json\/wp\/v2\/posts\/22170","targetHints":{"allow":["GET"]}}],"collection":[{"href":"https:\/\/www.ipsnews.net\/portuguese\/wp-json\/wp\/v2\/posts"}],"about":[{"href":"https:\/\/www.ipsnews.net\/portuguese\/wp-json\/wp\/v2\/types\/post"}],"author":[{"embeddable":true,"href":"https:\/\/www.ipsnews.net\/portuguese\/wp-json\/wp\/v2\/users\/2044"}],"replies":[{"embeddable":true,"href":"https:\/\/www.ipsnews.net\/portuguese\/wp-json\/wp\/v2\/comments?post=22170"}],"version-history":[{"count":1,"href":"https:\/\/www.ipsnews.net\/portuguese\/wp-json\/wp\/v2\/posts\/22170\/revisions"}],"predecessor-version":[{"id":22171,"href":"https:\/\/www.ipsnews.net\/portuguese\/wp-json\/wp\/v2\/posts\/22170\/revisions\/22171"}],"wp:attachment":[{"href":"https:\/\/www.ipsnews.net\/portuguese\/wp-json\/wp\/v2\/media?parent=22170"}],"wp:term":[{"taxonomy":"category","embeddable":true,"href":"https:\/\/www.ipsnews.net\/portuguese\/wp-json\/wp\/v2\/categories?post=22170"},{"taxonomy":"post_tag","embeddable":true,"href":"https:\/\/www.ipsnews.net\/portuguese\/wp-json\/wp\/v2\/tags?post=22170"}],"curies":[{"name":"wp","href":"https:\/\/api.w.org\/{rel}","templated":true}]}}