{"id":3088,"date":"2007-07-11T16:45:37","date_gmt":"2007-07-11T16:45:37","guid":{"rendered":"http:\/\/www.ipsnoticias.net\/portuguese\/?p=3088"},"modified":"2007-07-11T16:45:37","modified_gmt":"2007-07-11T16:45:37","slug":"ambiente-mexico-vai-plantar-250-milhoes-de-arvores","status":"publish","type":"post","link":"https:\/\/www.ipsnews.net\/portuguese\/2007\/07\/america-latina\/ambiente-mexico-vai-plantar-250-milhoes-de-arvores\/","title":{"rendered":"Ambiente: M\u00e9xico vai plantar 250 milh\u00f5es de \u00e1rvores"},"content":{"rendered":"<p>M\u00e9xico, 11\/07\/2007 &ndash; No M\u00e9xico ser\u00e3o plantadas a partir de amanh\u00e3 e at\u00e9 novembro 250 milh\u00f5es de \u00e1rvores, em um programa que converter\u00e1 o pa\u00eds no primeiro \u201creflorestador do mundo\u201d, segundo o governo. Mas vozes independentes alertam que continua a destrui\u00e7\u00e3o de florestas. <!--more--> Ambientalistas e especialistas consideram que a meta das autoridades \u00e9 pouco relevante diante do progressivo desmatamento que, insistem, colocam o M\u00e9xico tamb\u00e9m como um dos campe\u00f5es mundiais neste campo. O governo do Presidente Felipe Calder\u00f3n divulga com entusiasmo a jornada de reflorestamento, que come\u00e7a na mesma data em que se comemora localmente o Dia da \u00c1rvore e coincidindo com o in\u00edcio da temporada de chuvas.<\/p>\n<p>Os cr\u00edticos afirmam que somente a metade, ou menos, das \u00e1rvores que forem plantadas sobreviver\u00e3o. Al\u00e9m disso, dizem que essa estrat\u00e9gia, apesar de recuperadora, n\u00e3o solucionar\u00e1 os problemas das florestas mexicanas, que cobrem apenas 56 milh\u00f5es de hectares e produizem dois ter\u00e7os da \u00e1gua doce consumida no pa\u00eds. As autoridades argumentam que plantar 250 milh\u00f5es de \u00e1rvores em 500 mil hectares ajudar\u00e1 a superar o n\u00edvel de desmatamento anual estimado, oficialmente, em 250 mil hectares. Em sua l\u00f3gica, isso equilibrar\u00e1 e no final, mantido o plano nos anos seguintes, reverter\u00e1 o problema.<\/p>\n<p>H\u00e9ctor Magall\u00f3n, encarregado da quest\u00e3o das florestas do Greenpeace, disse \u00e0 IPS que sobreviver\u00e3o, no melhor dos casos, 125 mil \u00e1rvores que ser\u00e3o plantadas, as quais, por serem pequenas, n\u00e3o cumprir\u00e3o as fun\u00e7\u00f5es das \u00e1rvores adultas, com reter \u00e1gua, carbono e proteger a biodiversidade. Segundo esta organiza\u00e7\u00e3o, as zonas florestais mexicanas, em sua maioria antigas e, portanto, de alto valor ambiental, desaparecem ao ritmo de 600 mil hectares, ou mais, por ano, isto \u00e9, mais do que o dobro do que afirma o governo. Sergio Madrid, engenheiro especialista em florestas e porta-voz da organiza\u00e7\u00e3o G-Florestas, coaliz\u00e3o de 14 grupos sociais e produtores florestais, compartilha dessa opini\u00e3o.<\/p>\n<p>\u201cOs dados oficiais de desmatamento s\u00e3o questionados e n\u00e3o t\u00eam nenhuma confian\u00e7a, como este programa de reflorestamento que, certamente, rende muito em imagem p\u00fablica\u2019, afirmou Madrid \u00e0 IPS. \u201cPlantar \u00e1rvores n\u00e3o \u00e9 a solu\u00e7\u00e3o, \u00e9 apenas uma pequena parte. O assunto grave no M\u00e9xico agora \u00e9 a mudan\u00e7a de uso de solo das zonas florestais, o que prevalece gra\u00e7as a muitos incentivos e sem que se fa\u00e7a algo definitivo a respeito\u201d, ressaltou o especialista.<\/p>\n<p>Diversos estudos indicam que 80% das florestas que se perdem no M\u00e9xico t\u00eam origem na mudan\u00e7a de uso do solo por parte de seus propriet\u00e1rios para plantar produtos que consideram mais rent\u00e1veis ou para criar gado. O restante da destrui\u00e7\u00e3o se deve ao corte ilegal, contra o qual o governo de Calder\u00f3n diz agir com dureza. Com o Pro\u00c1rvore (reflorestamento), o combate ao desmatamento ilegal e apoio dos donos de florestas, o M\u00e9xico se coloca entre os pa\u00edses de vanguarda na defesa e prote\u00e7\u00e3o do meio ambiente, afirma o governo de Calder\u00f3n, que assumiu em dezembro.<\/p>\n<p>Quanto ao primeiro item, que \u00e9 o mais divulgado, um comunicado do Minist\u00e9rio de Meio Ambiente afirma que, \u201cassim, o M\u00e9xico se soma \u00e0 campanha de reflorestamento lan\u00e7ada pelo Programa das Na\u00e7\u00f5es Unidas para o Meio Ambiente (Pnuma) para este ano, denominada Plantemos para o Planeta: Campanha de um bilh\u00e3o de \u00e1rvores\u201d. O comunicado diz que \u201ca compromisso mexicano talvez seja a meta mais ambiciosa apresentada por um governo em toda a hist\u00f3ria. Desta forma, uma em cada quatro \u00e1rvores que forem plantadas este ano no mundo estar\u00e3o no M\u00e9xico\u201d.<\/p>\n<p>Magall\u00f3n observou que n\u00e3o h\u00e1 d\u00favidas de que o governo colocou grande interesse no reflorestamento. Nesse sentido, lembrou que mais da metade dos cerca de US$ 370 milh\u00f5es do or\u00e7amento da estatal Comiss\u00e3o Nacional Florestal para este ano est\u00e3o destinados a esse setor. \u201cTrata-se de um enfoque muito perigoso, pois, embora sejam plantadas novas \u00e1rvores, continua-se perdendo as mais antigas e valiosas do ponto de vista da biodiversidade e captura de \u00e1gua\u201d, afirmou o representante do Greenpeace. Por sua vez, Madrid diz que o governo d\u00e1 \u00eanfase ao reflorestamento por lhe proporcionar benef\u00edcios \u201cem rela\u00e7\u00e3o \u00e0 opini\u00e3o p\u00fablica\u201d, mas, da mesma forma que Magall\u00f3n, critica o fato de as autoridades n\u00e3o se preocuparem mais com a causa central do desmatamento, que \u00e9 a mudan\u00e7a de uso do solo.<\/p>\n<p>Com o aval do Fundo das Na\u00e7\u00f5es Unidas para a Agricultura e a Alimenta\u00e7\u00e3o, m\u00e1xima autoridade no mundo sobre a quest\u00e3o do desmatamento global, o governo assegura que a perda de floresta no M\u00e9xico est\u00e1 em retrocesso. Seus n\u00fameros indicam que caiu de 401 mil hectares ao ano, entre 1990-2000 para 314 mil hectares, entre 2000 e 2005, e para cerca de 250 mil atualmente. \u201cN\u00e3o h\u00e1 elementos objetivos que indiquem que esses dados sejam corretos, tal como alertam muitos pesquisadores\u201d, disse Magall\u00f3n.<\/p>\n<p>Segundo o Greenpeace, o M\u00e9xico \u00e9 um dos cinco principais desflorestadores do mundo, lista que tem o Brasil em primeiro lugar, seguido da \u00cdndia. De acordo com Madrir, existe uma dan\u00e7a de n\u00fameros \u201cduvidosa\u201d e \u00e9 \u201cmuito curioso que existindo toda uma tecnologia via sat\u00e9lite n\u00e3o tenhamos um estudo contundente sobre o desmatamento no M\u00e9xico\u201d. As estat\u00edsticas oficiais geram desconfian\u00e7a entre ativistas e especialistas, pois em 2001 o pr\u00f3prio governo falou em desmatamento anual de 1,1 milh\u00e3o de hectare, embora depois se contradisse. Agora, a cifra \u00e9 de 250 mil hectares. (IPS\/Envolverde)<\/p>\n","protected":false},"excerpt":{"rendered":"<p>M\u00e9xico, 11\/07\/2007 &ndash; No M\u00e9xico ser\u00e3o plantadas a partir de amanh\u00e3 e at\u00e9 novembro 250 milh\u00f5es de \u00e1rvores, em um programa que converter\u00e1 o pa\u00eds no primeiro \u201creflorestador do mundo\u201d, segundo o governo. Mas vozes independentes alertam que continua a destrui\u00e7\u00e3o de florestas. <a href=\"https:\/\/www.ipsnews.net\/portuguese\/2007\/07\/america-latina\/ambiente-mexico-vai-plantar-250-milhoes-de-arvores\/\" class=\"more-link\">Continue Reading <span class=\"meta-nav\">&rarr;<\/span><\/a><\/p>\n","protected":false},"author":437,"featured_media":0,"comment_status":"open","ping_status":"open","sticky":false,"template":"","format":"standard","meta":{"footnotes":""},"categories":[8,2,5,11],"tags":[],"class_list":["post-3088","post","type-post","status-publish","format-standard","hentry","category-ambiente","category-america-latina","category-economia","category-politica"],"_links":{"self":[{"href":"https:\/\/www.ipsnews.net\/portuguese\/wp-json\/wp\/v2\/posts\/3088","targetHints":{"allow":["GET"]}}],"collection":[{"href":"https:\/\/www.ipsnews.net\/portuguese\/wp-json\/wp\/v2\/posts"}],"about":[{"href":"https:\/\/www.ipsnews.net\/portuguese\/wp-json\/wp\/v2\/types\/post"}],"author":[{"embeddable":true,"href":"https:\/\/www.ipsnews.net\/portuguese\/wp-json\/wp\/v2\/users\/437"}],"replies":[{"embeddable":true,"href":"https:\/\/www.ipsnews.net\/portuguese\/wp-json\/wp\/v2\/comments?post=3088"}],"version-history":[{"count":0,"href":"https:\/\/www.ipsnews.net\/portuguese\/wp-json\/wp\/v2\/posts\/3088\/revisions"}],"wp:attachment":[{"href":"https:\/\/www.ipsnews.net\/portuguese\/wp-json\/wp\/v2\/media?parent=3088"}],"wp:term":[{"taxonomy":"category","embeddable":true,"href":"https:\/\/www.ipsnews.net\/portuguese\/wp-json\/wp\/v2\/categories?post=3088"},{"taxonomy":"post_tag","embeddable":true,"href":"https:\/\/www.ipsnews.net\/portuguese\/wp-json\/wp\/v2\/tags?post=3088"}],"curies":[{"name":"wp","href":"https:\/\/api.w.org\/{rel}","templated":true}]}}