{"id":3366,"date":"2007-10-15T19:17:22","date_gmt":"2007-10-15T19:17:22","guid":{"rendered":"http:\/\/www.ipsnoticias.net\/portuguese\/?p=3366"},"modified":"2007-10-15T19:17:22","modified_gmt":"2007-10-15T19:17:22","slug":"america-latina-oportunidade-historica-para-reduzir-a-fome","status":"publish","type":"post","link":"https:\/\/www.ipsnews.net\/portuguese\/2007\/10\/america-latina\/america-latina-oportunidade-historica-para-reduzir-a-fome\/","title":{"rendered":"Am\u00e9rica Latina: Oportunidade hist\u00f3rica para reduzir a fome"},"content":{"rendered":"<p>Santiago, 15\/10\/2007 &ndash; Os altos \u00edndices de crescimento econ\u00f4mico, a vontade pol\u00edtica e as leis que garantem o direito \u00e0 alimenta\u00e7\u00e3o n\u00e3o s\u00e3o suficientes para erradicar a fome na regi\u00e3o em 2025. <!--more--> De acordo com a Organiza\u00e7\u00e3o das Na\u00e7\u00f5es Unidas para a Agricultura e a Alimenta\u00e7\u00e3o (FAO), \u00e9 necess\u00e1rio investimento permanente, coordena\u00e7\u00e3o de programas e \u00eanfase na agricultura familiar camponesa. Segundo dados do Programa Mundial de Alimentos (PMA), a fome e a desnutri\u00e7\u00e3o afetam cerca de 52,4 milh\u00f5es de pessoas na Am\u00e9rica Latina e no Caribe, o que equivale a 10% da popula\u00e7\u00e3o da regi\u00e3o.<\/p>\n<p>O Haiti apresenta a mais alta taxa de subnutri\u00e7\u00e3o, com 46% de seus habitantes nesse estado. Em seguida est\u00e3o Rep\u00fablica Dominicana com 29% e Nicar\u00e1gua com 27%. Na Am\u00e9rica do Sul lidera a lista a Bol\u00edvia, com 23% de seus habitantes mal nutridos. Al\u00e9m disso, quase nove milh\u00f5es de meninas e meninos menores de 5 anos sofrem desnutri\u00e7\u00e3o cr\u00f4nica ou atraso no crescimento, sedo que a Guatemala registra a mais alta preval\u00eancia deste flagelo com 49%, seguida de Honduras com 27% e Bol\u00edvia tamb\u00e9m com 27%.<\/p>\n<p>\u201cAcreditamos que a regi\u00e3o pode ser o primeiro continente livre da fome\u201d, disse na sexta-feira Jos\u00e9 Graziano da Silva, representante da FAO Am\u00e9rica Latina e o Caribe em entrevista convocada devido \u00e0 celebra\u00e7\u00e3o na pr\u00f3xima ter\u00e7a-feira do Dia Mundial da Alimenta\u00e7\u00e3o. Para conseguir essa meta devem ser aproveitados tr\u00eas fatores: a oferta alimentar da regi\u00e3o que em m\u00e9dia excede em um ter\u00e7o as necessidades de sua popula\u00e7\u00e3o, o crescimento do produto interno bruto registrado nos \u00faltimos anos superior a 4% ao ano e a leve melhora na distribui\u00e7\u00e3o da riqueza em alguns pa\u00edses.<\/p>\n<p>\u201cFalta os pa\u00edses da regi\u00e3o garantirem um or\u00e7amento est\u00e1vel para a erradica\u00e7\u00e3o da fome\u201d, disse \u00e0 IPS Graziano, que foi ministro de Seguran\u00e7a Alimentar e Combate \u00e0 fome do governo do Presidente Luiz In\u00e1cio Lula da Silva. \u201cEm todos os pa\u00edses da regi\u00e3o h\u00e1 uma grande dispers\u00e3o de programas. Existem muitos programas pequenos, do governo, de um minist\u00e9rio, de uma prefeitura, de uma igreja, mas n\u00e3o h\u00e1 uma coordena\u00e7\u00e3o desses esfor\u00e7os\u201d, acrescentou.<\/p>\n<p>A seu ver, \u00e9 necess\u00e1rio que os governos nacionais ou locais invistam recursos para coordenar os diferentes planos existentes e para garantir que seus benef\u00edcios cheguem a toda a popula\u00e7\u00e3o. Atualmente existem quatro pa\u00edses que reconhecem o direito \u00e0 alimenta\u00e7\u00e3o em suas legisla\u00e7\u00f5es, que s\u00e3o Brasil, Argentina, Equador e Guatemala, enquanto est\u00e3o em processo de aprova\u00e7\u00e3o de leis semelhantes El Salvador, Haiti, Honduras, Nicar\u00e1gua e Peru, e tamb\u00e9m h\u00e1 iniciativas legais em discuss\u00e3o no M\u00e9xico e Paraguai. Graziano, apesar de reconhecer os avan\u00e7os em mat\u00e9ria legal, cobrou a realiza\u00e7\u00e3o de a\u00e7\u00f5es concretas.<\/p>\n<p>\u201cA FAO tem como modelo um programa que combina transfer\u00eancia de renda com apoio \u00e0 agricultura familiar. Isso em n\u00edvel macroecon\u00f4mico me parece ser o programa de maior \u00eaxito. \u00c9 feito no Brasil, Chile, M\u00e9xico e em outros pa\u00edses latino-americanos\u201d, afirmou o brasileiro. \u201cMas, h\u00e1 um programa de maior \u00eaxito ainda, que estamos apoiando e recomendando a todas as na\u00e7\u00f5es, que \u00e9 combinar programas de merenda escolar com hortas escolares e compras locais de pequenos agricultores\u201d, explicou \u00e0 IPS o representante da FAO.<\/p>\n<p>Em n\u00edvel municipal pode-se estabelecer refeit\u00f3rios e hortas escolares para que as crian\u00e7as utilizam melhor as frutas, verduras e legumes, porque \u201ccomer uma comida melhor e n\u00e3o algo pouco saud\u00e1vel tamb\u00e9m \u00e9 um problema cultural\u201d, disse Graziano. \u201cA liga\u00e7\u00e3o entre programas de refeit\u00f3rios e hortas escolares com compras locais de seus pequenos agricultores gera uma circula\u00e7\u00e3o monet\u00e1ria em n\u00edvel municipal em um circulo virtuoso que permite agregar renda e trabalho \u00e0s pessoas\u201d, ressaltou.<\/p>\n<p>A FAO est\u00e1 incentivando a erradica\u00e7\u00e3o da fome no continente at\u00e9 2025, uma d\u00e9cada depois do ano fixado como meta para cumprimento do primeiro Objetivos de Desenvolvimento do Mil\u00eanio (ODM), que \u00e9 reduzir pela metade a propor\u00e7\u00e3o de pessoas em estado de pobreza e com fome no mundo, tomando por base os indicadores de 1990. Os outros ODM acordados em 2000 por todos os pa\u00edses membros da ONU para serem alcan\u00e7ados at\u00e9 2015 s\u00e3o conseguir ensino prim\u00e1rio universal, promover a igualdade de g\u00eanero e a autonomia da mulher, reduzir a mortalidade infantil e melhorar a sa\u00fade materna.<\/p>\n<p>A estes se somam combater o v\u00edrus da defici\u00eancia imunol\u00f3gica humana, causador da aids, e outras doen\u00e7as graves; garantir o uso sustent\u00e1vel dos recursos naturais e fomentar uma associa\u00e7\u00e3o mundial para o desenvolvimento. \u201cNa regi\u00e3o, os pa\u00edses mais adiantados (no cumprimento do primeiro ODM) s\u00e3o os do Cone Sul\u201d, disse Graziano na entrevista coletiva. \u201cParticularmente, o Chile j\u00e1 pode dizer que conseguiu as metas do mil\u00eanio, mas tem remanescentes de alguns milhares de pessoas subnutridas, segundo a FAO, mas realiza possui programas e recursos para erradic\u00e1-lo, e a nosso ver pode chegar a isso\u201d, acrescentou. No mesmo caminho progridem Brasil, Argentina e Uruguai.<\/p>\n<p>Na Am\u00e9rica Central apenas a Costa Rica se destaca. Os pa\u00edses do Caribe, exceto Rep\u00fablica Dominicana e Haiti, tamb\u00e9m apresentam avan\u00e7os importantes. Uma men\u00e7\u00e3o especial foi dada \u00e0 Cuba, que \u201ch\u00e1 muito tempo tem a alimenta\u00e7\u00e3o como um direito b\u00e1sico fundamental garantido por pol\u00edticas de Estado\u201d, disse Graziano. \u201cOs demais Estados est\u00e3o atrasados, uns pelo lado da desnutri\u00e7\u00e3o infantil, outro por n\u00e3o terem programas globais de prote\u00e7\u00e3o contra a fome\u201d, ressaltou. \u201cOutras na\u00e7\u00f5es foram afetadas por furac\u00f5es\u201d, como no caso da Am\u00e9rica Central, acrescentou o brasileiro, lembrando que \u201cGuatemala, Honduras, Nicar\u00e1gua, El Salvador e Belize n\u00e3o t\u00eam capacidade para aumentar seus gastos\u201d nesta mat\u00e9ria.<\/p>\n<p>Na Am\u00e9rica do Sul, preocupa a situa\u00e7\u00e3o do Paraguai e da Bol\u00edvia, embora no caso boliviano seja louv\u00e1vel seu atual compromisso pol\u00edtico. Mais concretamente, entre 1990 e 2004 esta regi\u00e3o sul-americana reduziu em 9,5 milh\u00f5es o n\u00famero de pessoas subnutridas, o que representa 5% de sua popula\u00e7\u00e3o, enquanto na Am\u00e9rica Central este n\u00famero aumento em 2,5 milh\u00f5es de habitantes. Paralelamente aos ODM, a FAO e outras ag\u00eancias das Na\u00e7\u00f5es Unidas trabalham em uma \u201cmeta intermediaria que \u00e9 erradicar a desnutri\u00e7\u00e3o infantil at\u00e9 2015\u201d, disse Graziano.<\/p>\n<p>Estimativas do PMA e da Comiss\u00e3o Econ\u00f4mica para a Am\u00e9rica Latina e o Caribe (Cepal), no istmo centro-americano a Rep\u00fablica Dominicana a desnutri\u00e7\u00e3o infantil gera custos associados de aproximadamente US$ 6,659 milh\u00f5es, equivalentes a 6,4% do produto interno bruto da regi\u00e3o. \u201cAcreditamos que isto \u00e9 poss\u00edvel com o apoio internacional e a coordena\u00e7\u00e3o entre pa\u00edses e ag\u00eancias da ONU\u201d, ressaltou Graziano, que criticou a participa\u00e7\u00e3o da regi\u00e3o na Ajuda Oficial ao Desenvolvimento, principalmente nos pa\u00edses de renda m\u00e9dia e alta. (IPS\/Envolverde)<\/p>\n","protected":false},"excerpt":{"rendered":"<p>Santiago, 15\/10\/2007 &ndash; Os altos \u00edndices de crescimento econ\u00f4mico, a vontade pol\u00edtica e as leis que garantem o direito \u00e0 alimenta\u00e7\u00e3o n\u00e3o s\u00e3o suficientes para erradicar a fome na regi\u00e3o em 2025. <a href=\"https:\/\/www.ipsnews.net\/portuguese\/2007\/10\/america-latina\/america-latina-oportunidade-historica-para-reduzir-a-fome\/\" class=\"more-link\">Continue Reading <span class=\"meta-nav\">&rarr;<\/span><\/a><\/p>\n","protected":false},"author":50,"featured_media":0,"comment_status":"open","ping_status":"open","sticky":false,"template":"","format":"standard","meta":{"footnotes":""},"categories":[2,12,5],"tags":[21],"class_list":["post-3366","post","type-post","status-publish","format-standard","hentry","category-america-latina","category-desenvolvimento","category-economia","tag-metas-do-milenio"],"_links":{"self":[{"href":"https:\/\/www.ipsnews.net\/portuguese\/wp-json\/wp\/v2\/posts\/3366","targetHints":{"allow":["GET"]}}],"collection":[{"href":"https:\/\/www.ipsnews.net\/portuguese\/wp-json\/wp\/v2\/posts"}],"about":[{"href":"https:\/\/www.ipsnews.net\/portuguese\/wp-json\/wp\/v2\/types\/post"}],"author":[{"embeddable":true,"href":"https:\/\/www.ipsnews.net\/portuguese\/wp-json\/wp\/v2\/users\/50"}],"replies":[{"embeddable":true,"href":"https:\/\/www.ipsnews.net\/portuguese\/wp-json\/wp\/v2\/comments?post=3366"}],"version-history":[{"count":0,"href":"https:\/\/www.ipsnews.net\/portuguese\/wp-json\/wp\/v2\/posts\/3366\/revisions"}],"wp:attachment":[{"href":"https:\/\/www.ipsnews.net\/portuguese\/wp-json\/wp\/v2\/media?parent=3366"}],"wp:term":[{"taxonomy":"category","embeddable":true,"href":"https:\/\/www.ipsnews.net\/portuguese\/wp-json\/wp\/v2\/categories?post=3366"},{"taxonomy":"post_tag","embeddable":true,"href":"https:\/\/www.ipsnews.net\/portuguese\/wp-json\/wp\/v2\/tags?post=3366"}],"curies":[{"name":"wp","href":"https:\/\/api.w.org\/{rel}","templated":true}]}}