{"id":4676,"date":"2009-01-21T17:42:41","date_gmt":"2009-01-21T17:42:41","guid":{"rendered":"http:\/\/www.ipsnoticias.net\/portuguese\/?p=4676"},"modified":"2009-01-21T17:42:41","modified_gmt":"2009-01-21T17:42:41","slug":"america-latina-negros-veem-uma-luz-em-obama","status":"publish","type":"post","link":"https:\/\/www.ipsnews.net\/portuguese\/2009\/01\/america-latina\/america-latina-negros-veem-uma-luz-em-obama\/","title":{"rendered":"AM\u00c9RICA LATINA: Negros veem uma luz em Obama"},"content":{"rendered":"<p>M\u00e9xico, 21\/01\/2009 &ndash; Membros da comunidade negra da Am\u00e9rica Latina e do Caribe esperam que o governo de Barack Obama, primeiro afro-descendente a chegar \u00e0 presid\u00eancia dos Estados Unidos, abra brechas e sacuda consci\u00eancias a favor de seus direitos. Que algu\u00e9m como Obama fosse presidente seria imposs\u00edvel pensar at\u00e9 h\u00e1 poucos anos, sua apari\u00e7\u00e3o em cena \u201cmostra uma mudan\u00e7a \u00e0 qual todos devemos atende e sobre a qual todos temos expectativa\u201d, disse \u00e0 IPS desde a Venezuela Nirva Camacho, integrante da n\u00e3o-governamental Coordena\u00e7\u00e3o de Mulheres Afro-latino-americanas, Afro-caribenhas e da Di\u00e1spora, que re\u00fane grupos de 33 pa\u00edses. <!--more--> Enquanto par Juan Monta]no, colunista de jornais equatorianos, a posse de um afro-americano como mandat\u00e1rio tem\u201dum significado extraordin\u00e1rio para nos\u201d. Com o novo presidente dos Estados Unidos chega uma \u201cmensagem clara\u201d para os governos latino-americanos contra o racismo e a exclus\u00e3o que ainda sofrem milh\u00f5es de negros, disse Monta\u00f1o \u00e0 IPS desde Esmeraldas, no norte do Equador onde a popula\u00e7\u00e3o em sua maioria \u00e9 dessa ra\u00e7a.<\/p>\n<p>Segundo diversos estudos, os descendentes dos escravos africanos somam na Am\u00e9rica Latina e no Caribe 150 milh\u00f5es de pessoas, na maioria pobres e exclu\u00eddos em raz\u00e3o da cor de sua pele. Nesta regi\u00e3o, a popula\u00e7\u00e3o negra \u00e9 de \u201calta densidade e pouca resson\u00e2ncia\u201d, al\u00e9m de discriminada, diz um estudo da Comiss\u00e3o Econ\u00f4mica para a Am\u00e9rica Latina e o Caribe (Cepal). Embora somem milh\u00f5es de pessoas &#8211; a maioria delas se concentra em Brasil, Col\u00f4mbia e Venezuela \u2013 chama a aten\u00e7\u00e3o sua t\u00eanue presen\u00e7a pol\u00edtica e seu pouco acesso a instancias de governo, diz o estudo da Cepal a \u201cDiscrimina\u00e7\u00e3o \u00e9tnico-racial e xenofobia\u201d.<\/p>\n<p>Uma pesquisa do Instituto Interamericano de Direitos Humanos diz, por sua vez, que em quase todos os pa\u00edses da regi\u00e3o os afro-descendentes s\u00e3o \u201cv\u00edtima de discrimina\u00e7\u00e3o racial e exclus\u00e3o, raz\u00e3o pela qual sofrem grandes priva\u00e7\u00f5es econ\u00f4micas e sociais, al\u00e9m de ocuparam um n\u00famero muito menor de cargos de dire\u00e7\u00e3o na sociedade\u201d. Desde Caracas, Camacho disse que \u201cpara os afro-descendentes, sobretudo da Venezuela, a presid\u00eancia de Obama gera esperan\u00e7as de mudan\u00e7a e uma expectativa m\u00e9dia, pois j\u00e1 nos decepcionou sobre suas primeiras declara\u00e7\u00f5es sobre nosso presidente, Hugo Ch\u00e1vez\u201d.<\/p>\n<p>Em entrevista \u00e0 rede de televis\u00e3o Univisi\u00f3n, Obama disse que Ch\u00e1vez representa um obst\u00e1culo para o progresso da Am\u00e9rica Latina e que \u00e9 preocupante existirem informes indicando que esse mandat\u00e1rio apoiou as For\u00e7as Armadas Revolucionarias da Col\u00f4mbia. Por sua vez, Ch\u00e1vez disse que Obama \u201cser\u00e1 um fiasco para seu povo e para o mundo\u201d. Camacho afirmou que Ch\u00e1vez foi um presidente que deu voz aos negros e trabalha em \u201cum projeto revolucion\u00e1rio que, esperamos, Obama entenda e respeite\u201d.<\/p>\n<p>Monta\u00f1o, que al\u00e9m de colunista \u00e9 diretor de Gest\u00e3o Ambiental no munic\u00edpio de Esmeraldas, acredita que a presen\u00e7a de Obama mostra que o poder dos negros est\u00e1 crescendo. \u201cH\u00e1 um alto simbolismo em tudo isto que esperamos seja entendido e assumido tamb\u00e9m na Am\u00e9rica Latina\u201d, acrescentou. Monta\u00f1o contou que nos \u00faltimos dias viu na popula\u00e7\u00e3o de Esmeraldas um \u201cgrande entusiasmo e expectativa por Obama. Muitos est\u00e3o interessados no que conseguiu e no que pode fazer\u201d, disse.<\/p>\n<p>O 44\u00ba presidente dos Estados Unidos, filho de pai queniano e m\u00e3e branca natural do Estado do Kansas, ambos falecidos, evitou pronunciamentos radicais contra o racismo nem falou especificamente da rejei\u00e7\u00e3o sofrida pelos negros. Nos Estados Unidos, onde 12% de seus 305 milh\u00f5es de habitantes s\u00e3o negros, o \u00edndice de pobreza dessa comunidade \u00e9 tr\u00eas vezes mais alta do que a dos brancos, e o n\u00edvel de desemprego \u00e9 o dobro. Na Am\u00e9rica Latina, onde os negros representam um ter\u00e7o da popula\u00e7\u00e3o total, sua situa\u00e7\u00e3o \u00e9 considerada ainda pior.<\/p>\n<p>\u201cAqui no Equador, por exemplo, onde temos uma Constitui\u00e7\u00e3o que reconhece nossos direitos, ainda n\u00e3o ocupamos cargos p\u00fablicos de alto n\u00edvel no governo\u201d, disse Monta\u00f1o. Camacho, afirmou que os negros da regi\u00e3o conquistaram nos \u00faltimos anos espa\u00e7os de organiza\u00e7\u00e3o e express\u00e3o antes inexistentes, mas, ressaltou que \u201cainda falta muito por avan\u00e7ar\u201d. Obama representa muni\u00e7\u00e3o e apoio nesse caminho, acrescentou. (IPS\/Envolverde)<\/p>\n","protected":false},"excerpt":{"rendered":"<p>M\u00e9xico, 21\/01\/2009 &ndash; Membros da comunidade negra da Am\u00e9rica Latina e do Caribe esperam que o governo de Barack Obama, primeiro afro-descendente a chegar \u00e0 presid\u00eancia dos Estados Unidos, abra brechas e sacuda consci\u00eancias a favor de seus direitos. Que algu\u00e9m como Obama fosse presidente seria imposs\u00edvel pensar at\u00e9 h\u00e1 poucos anos, sua apari\u00e7\u00e3o em cena \u201cmostra uma mudan\u00e7a \u00e0 qual todos devemos atende e sobre a qual todos temos expectativa\u201d, disse \u00e0 IPS desde a Venezuela Nirva Camacho, integrante da n\u00e3o-governamental Coordena\u00e7\u00e3o de Mulheres Afro-latino-americanas, Afro-caribenhas e da Di\u00e1spora, que re\u00fane grupos de 33 pa\u00edses. <a href=\"https:\/\/www.ipsnews.net\/portuguese\/2009\/01\/america-latina\/america-latina-negros-veem-uma-luz-em-obama\/\" class=\"more-link\">Continue Reading <span class=\"meta-nav\">&rarr;<\/span><\/a><\/p>\n","protected":false},"author":437,"featured_media":0,"comment_status":"open","ping_status":"open","sticky":false,"template":"","format":"standard","meta":{"footnotes":""},"categories":[2,11],"tags":[14,15],"class_list":["post-4676","post","type-post","status-publish","format-standard","hentry","category-america-latina","category-politica","tag-america-do-norte","tag-caribe"],"_links":{"self":[{"href":"https:\/\/www.ipsnews.net\/portuguese\/wp-json\/wp\/v2\/posts\/4676","targetHints":{"allow":["GET"]}}],"collection":[{"href":"https:\/\/www.ipsnews.net\/portuguese\/wp-json\/wp\/v2\/posts"}],"about":[{"href":"https:\/\/www.ipsnews.net\/portuguese\/wp-json\/wp\/v2\/types\/post"}],"author":[{"embeddable":true,"href":"https:\/\/www.ipsnews.net\/portuguese\/wp-json\/wp\/v2\/users\/437"}],"replies":[{"embeddable":true,"href":"https:\/\/www.ipsnews.net\/portuguese\/wp-json\/wp\/v2\/comments?post=4676"}],"version-history":[{"count":0,"href":"https:\/\/www.ipsnews.net\/portuguese\/wp-json\/wp\/v2\/posts\/4676\/revisions"}],"wp:attachment":[{"href":"https:\/\/www.ipsnews.net\/portuguese\/wp-json\/wp\/v2\/media?parent=4676"}],"wp:term":[{"taxonomy":"category","embeddable":true,"href":"https:\/\/www.ipsnews.net\/portuguese\/wp-json\/wp\/v2\/categories?post=4676"},{"taxonomy":"post_tag","embeddable":true,"href":"https:\/\/www.ipsnews.net\/portuguese\/wp-json\/wp\/v2\/tags?post=4676"}],"curies":[{"name":"wp","href":"https:\/\/api.w.org\/{rel}","templated":true}]}}