{"id":5065,"date":"2009-05-08T15:46:36","date_gmt":"2009-05-08T15:46:36","guid":{"rendered":"http:\/\/www.ipsnoticias.net\/portuguese\/?p=5065"},"modified":"2009-05-08T15:46:36","modified_gmt":"2009-05-08T15:46:36","slug":"mulheres-africa-crise-agravara-a-violencia","status":"publish","type":"post","link":"https:\/\/www.ipsnews.net\/portuguese\/2009\/05\/africa\/mulheres-africa-crise-agravara-a-violencia\/","title":{"rendered":"MULHERES-\u00c1FRICA: Crise agravar\u00e1 a viol\u00eancia"},"content":{"rendered":"<p>Addis Abeba, 08\/05\/2009 &ndash; A viol\u00eancia contra as mulheres africanas aumentar\u00e1 devido \u00e0 crise financeira mundial, alertou Mwila Chigaga, especialista em g\u00eanero da Organiza\u00e7\u00e3o Internacional do Trabalho em sua sede na capital da Eti\u00f3pia.  <!--more--><br \/>\n <div id=\"attachment_5065\" style=\"width: 210px\" class=\"wp-caption alignright\"><a href=\"http:\/\/www.ipsnoticias.net\/portuguese\/fotos\/MujeresmozambiquenascruzanaSudafrica_TrevorDavies.jpg\"><img loading=\"lazy\" decoding=\"async\" aria-describedby=\"caption-attachment-5065\" class=\"size-medium wp-image-5065\" title=\" - Trevor Davis\" src=\"http:\/\/www.ipsnoticias.net\/portuguese\/fotos\/MujeresmozambiquenascruzanaSudafrica_TrevorDavies.jpg\" alt=\" - Trevor Davis\" width=\"200\" height=\"133\" \/><\/a><p id=\"caption-attachment-5065\" class=\"wp-caption-text\"> - Trevor Davis<\/p><\/div>  No mundo industrializado h\u00e1 informes de primeira m\u00e3o sobre perdas de trabalho, execu\u00e7\u00f5es judiciais e cidad\u00e3os vivendo com seu cart\u00e3o de cr\u00e9dito no vermelho. Da \u00c1frica sabe-se que h\u00e1 amea\u00e7as de fechamento e redu\u00e7\u00e3o de pessoal nas minas de cobre de Z\u00e2mbia e nas de diamantes em Botswana. Mas as desigualdades de g\u00eanero impedem que se documente o que ocorre com as mulheres nesse continente.<\/p>\n<p>A IPS conversou com Chigaga sobre como a OIT prev\u00ea que a crise ir\u00e1 afetar o setor oper\u00e1rio da \u00c1frica e as mulheres, em particular.<\/p>\n<p>IPS &#8211; Em que se diferencia o impacto da crise na \u00c1frica e no Norte industrializado?<\/p>\n<p>Mwila Chigaga &#8211; O panorama n\u00e3o se revelou plenamente porque a crise est\u00e1 ganhando vida pr\u00f3pria. Para analisar o que ocorre na \u00c1frica temos de voltar \u00e0 situa\u00e7\u00e3o existente antes da crise. Na \u00c1frica j\u00e1 tivemos uma profunda crise econ\u00f4mica e estamos lidando com quest\u00f5es de crescimento econ\u00f4mico, pobreza, HIV\/Aids, desigualdade de g\u00eanero e discrimina\u00e7\u00e3o. Assim, tudo isto tem um impacto sobre o desenvolvimento da crise.<\/p>\n<p>Na \u00c1frica, o setor formal \u00e9 muito, muito pequeno, e o informal \u00e9 enorme. A geografia da desigualdade de g\u00eanero no continente n\u00e3o \u00e9 uniforme. Temos a \u00c1frica setentrional, onde h\u00e1 poucas mulheres participando do mercado de trabalho, seja formal ou n\u00e3o, desde antes da crise. Depois temos a \u00c1frica ocidental, onde h\u00e1 uma enorme quantidade de mulheres no setor informal. Mas, nessa regi\u00e3o do continente, as quantidades de homens que est\u00e3o no setor informal tamb\u00e9m s\u00e3o muito maiores do que as de homens neste setor na \u00c1frica austral. Tudo isto influi em como se v\u00ea o impacto da crise financeira.<\/p>\n<p>IPS &#8211; Quais s\u00e3o algumas das repostas pol\u00edticas que os governos africanos deveriam estar praticando par amortizar o efeito da crise tanto em homens quanto em mulheres?<\/p>\n<p>Mwila Chigaga &#8211; O maior desafio \u00e9 que a maioria dos governos africanos n\u00e3o tem fisco. Simplesmente n\u00e3o temos esse tipo de reservas ou recursos para investir no tipo de pacotes de est\u00edmulos em que est\u00e3o investindo, por exemplo, os pa\u00edses industrializados. Mas, se dividirmos estas respostas pol\u00edticas nas de curto prazo e longo prazo, podemos chegar a alguma parte. No curto prazo necessitamos abordar o impacto da crise financeira nos lares e no plano individual.<\/p>\n<p>Se as pessoas n\u00e3o t\u00eam um trabalho, \u00e9 preciso o governo considerar algum tipo de prote\u00e7\u00e3o social, alguma forma de transfer\u00eancia de fundos, que n\u00e3o necessariamente tem de ser em dinheiro. Por exemplo, sabemos que a maioria das mulheres est\u00e1 no setor agr\u00edcola. Assim, os governos poderiam considerar a implementa\u00e7\u00e3o de algum tipo de programa de a\u00e7\u00e3o afirmativa, para que elas tenham acesso a insumos agr\u00edcola subsidiados, como sementes e fertilizantes. Dessa forma ter\u00edamos continuidade em termos de produ\u00e7\u00e3o alimentar, porque na \u00c1frica, uma vez que esta crise economia esteja parelha com a crise alimentar, o impacto ser\u00e1 devastador.<\/p>\n<p>IPS &#8211; J\u00e1 que, como mencionou, a \u00c1frica j\u00e1 atravessava uma crise econ\u00f4mica, como se pode definir se o impacto que est\u00e1 experimentando agora \u00e9 resultado dessa ou da atual crise?<\/p>\n<p>Mwila Chigaga &#8211; Muitas pessoas dizem que, como a \u00c1frica est\u00e1 menos integrada nos mercados financeiros mundiais, dever\u00edamos ter mais amortiza\u00e7\u00e3o. Mas se algu\u00e9m olhar a economia pol\u00edtica da \u00c1frica ver\u00e1 que temos poucos investimentos estrangeiros diretos \u2013 mas que est\u00e3o melhorando -, que dependemos da ajuda oficial ao desenvolvimento e que somos economias exportadoras de mat\u00e9rias-primas. Assim, a intera\u00e7\u00e3o entre estes fatores significa que naturalmente seremos afetados. Mas, ao mesmo tempo, n\u00e3o temos uma prote\u00e7\u00e3o social institucionalizada. N\u00e3o temos benef\u00edcios por desemprego nem seguros de sa\u00fade. Assim, quando o chefe de fam\u00edlia perde uma renda n\u00e3o h\u00e1 outro recurso, porque \u00e9 o \u00faltimo recurso.<\/p>\n<p>IPS &#8211; Se na \u00c1frica n\u00e3o forem tomadas medidas, quais ser\u00e3o os efeitos imediatos e a longo prazo.<\/p>\n<p>Mwila Chigaga &#8211; Todos falam sobre o \u00eaxito dos Objetivos de Desenvolvimento do Mil\u00eanio. Naturalmente, veremos dificuldades em sua implementa\u00e7\u00e3o. Minha preocupa\u00e7\u00e3o \u00e9 que, historicamente, na \u00c1frica integramos as quest\u00f5es de g\u00eanero nas pol\u00edticas. N\u00e3o priorizamos as quest\u00f5es de igualdade de g\u00eanero e n\u00e3o tomamos em considera\u00e7\u00e3o o triplo papel das mulheres: produtivo, reprodutivo e fornecedora de cuidados.<\/p>\n<p>Um dos impactos da crise ser\u00e1 no plano do individuo e da fam\u00edlia. H\u00e1 muitas mulheres fora da rede. O governo n\u00e3o pode capt\u00e1-las. Isto ter\u00e1 um efeito contundente nos lares, em termos de m\u00e1-nutri\u00e7\u00e3o infantil e crian\u00e7as abandonando a escola, e estas ser\u00e3o as piores manifesta\u00e7\u00f5es da crise na \u00c1frica.<\/p>\n<p>IPS &#8211; A senhora disse que deveria haver pol\u00edticas de a\u00e7\u00e3o afirmativa para as mulheres no setor agr\u00edcola como resposta-chave \u00e0 crise. Por que a agricultura e por que as mulheres?<\/p>\n<p>Mwila Chigaga &#8211; Precisamos nos fixar onde podemos obter triunfos r\u00e1pidos, onde podemos criar trabalhos na \u00c1frica. E a agricultura \u00e9 o setor onde podemos criar trabalhos. At\u00e9 agora, se tirarmos as economias industrializadas, de 70% a 80% das mulheres est\u00e3o no setor agr\u00edcola. Se queremos preservar os postos de trabalho existentes e criar outros no curto prazo, temos de ir onde est\u00e3o as mulheres e trabalhar com elas em sua \u201czona de conforto\u201d, onde j\u00e1 est\u00e3o trabalhando.<\/p>\n<p>IPS &#8211; Por que \u00e9 prov\u00e1vel que a crise financeira aumente a viol\u00eancia de g\u00eanero?<\/p>\n<p>Mwila Chigaga &#8211; Quando um homem chefe de fam\u00edlia perde o emprego, \u00e9 devastador. H\u00e1 sentimentos de desesperan\u00e7a e nosso sistema patriarcal diz que um homem tem de ser o respons\u00e1vel por ganhar o p\u00e3o. A tend\u00eancia \u00e9 voltar a frustra\u00e7\u00e3o contra sua companheira. As mulheres s\u00e3o muito adapt\u00e1veis. Encontrar\u00e3o maneiras de ganhar dinheiro. Em tempos de desespero, elas t\u00eam um mecanismo que lhes permite enfrentar as situa\u00e7\u00f5es devido ao nosso papel de proporcionar cuidados, assim, estamos equipadas para isso. Os homens n\u00e3o t\u00eam esse mecanismo, por isso come\u00e7aremos a ver que essa frustra\u00e7\u00e3o se manifesta em termos de viol\u00eancia no lar. IPS\/Envolverde<\/p>\n","protected":false},"excerpt":{"rendered":"<p>Addis Abeba, 08\/05\/2009 &ndash; A viol\u00eancia contra as mulheres africanas aumentar\u00e1 devido \u00e0 crise financeira mundial, alertou Mwila Chigaga, especialista em g\u00eanero da Organiza\u00e7\u00e3o Internacional do Trabalho em sua sede na capital da Eti\u00f3pia. <a href=\"https:\/\/www.ipsnews.net\/portuguese\/2009\/05\/africa\/mulheres-africa-crise-agravara-a-violencia\/\" class=\"more-link\">Continue Reading <span class=\"meta-nav\">&rarr;<\/span><\/a><\/p>\n","protected":false},"author":868,"featured_media":0,"comment_status":"open","ping_status":"open","sticky":false,"template":"","format":"standard","meta":{"footnotes":""},"categories":[3,5,11],"tags":[21,24],"class_list":["post-5065","post","type-post","status-publish","format-standard","hentry","category-africa","category-economia","category-politica","tag-metas-do-milenio","tag-mulheres"],"_links":{"self":[{"href":"https:\/\/www.ipsnews.net\/portuguese\/wp-json\/wp\/v2\/posts\/5065","targetHints":{"allow":["GET"]}}],"collection":[{"href":"https:\/\/www.ipsnews.net\/portuguese\/wp-json\/wp\/v2\/posts"}],"about":[{"href":"https:\/\/www.ipsnews.net\/portuguese\/wp-json\/wp\/v2\/types\/post"}],"author":[{"embeddable":true,"href":"https:\/\/www.ipsnews.net\/portuguese\/wp-json\/wp\/v2\/users\/868"}],"replies":[{"embeddable":true,"href":"https:\/\/www.ipsnews.net\/portuguese\/wp-json\/wp\/v2\/comments?post=5065"}],"version-history":[{"count":0,"href":"https:\/\/www.ipsnews.net\/portuguese\/wp-json\/wp\/v2\/posts\/5065\/revisions"}],"wp:attachment":[{"href":"https:\/\/www.ipsnews.net\/portuguese\/wp-json\/wp\/v2\/media?parent=5065"}],"wp:term":[{"taxonomy":"category","embeddable":true,"href":"https:\/\/www.ipsnews.net\/portuguese\/wp-json\/wp\/v2\/categories?post=5065"},{"taxonomy":"post_tag","embeddable":true,"href":"https:\/\/www.ipsnews.net\/portuguese\/wp-json\/wp\/v2\/tags?post=5065"}],"curies":[{"name":"wp","href":"https:\/\/api.w.org\/{rel}","templated":true}]}}