{"id":5654,"date":"2009-10-13T13:57:12","date_gmt":"2009-10-13T13:57:12","guid":{"rendered":"http:\/\/www.ipsnoticias.net\/portuguese\/?p=5654"},"modified":"2009-10-13T13:57:12","modified_gmt":"2009-10-13T13:57:12","slug":"populacao-america-latina-avancos-desiguais","status":"publish","type":"post","link":"https:\/\/www.ipsnews.net\/portuguese\/2009\/10\/america-latina\/populacao-america-latina-avancos-desiguais\/","title":{"rendered":"POPULA\u00c7AO-AM\u00c9RICA LATINA: Avan\u00e7os desiguais"},"content":{"rendered":"<p>Santiago, 13\/10\/2009 &ndash; Para combater a desigualdade, os pa\u00edses da Am\u00e9rica Latina devem redobrar sua contribui\u00e7\u00e3o financeira destinada ao cumprimento de seus compromissos internacionais, disse \u00e0 IPS Marcela Suazo, diretora na regi\u00e3o do Fundo de Popula\u00e7\u00e3o das Na\u00e7\u00f5es Unidas (UNFPA).  <!--more--><br \/>\n <div id=\"attachment_5654\" style=\"width: 166px\" class=\"wp-caption alignright\"><a href=\"http:\/\/www.ipsnoticias.net\/portuguese\/fotos\/marcela-suazo_unfpa.jpg\"><img loading=\"lazy\" decoding=\"async\" aria-describedby=\"caption-attachment-5654\" class=\"size-medium wp-image-5654\" title=\"Marcela Suazo, diretora na regi\u00e3o do Fundo de Popula\u00e7\u00e3o das Na\u00e7\u00f5es Unidas (UNFPA). - FNUAP\" src=\"http:\/\/www.ipsnoticias.net\/portuguese\/fotos\/marcela-suazo_unfpa.jpg\" alt=\"Marcela Suazo, diretora na regi\u00e3o do Fundo de Popula\u00e7\u00e3o das Na\u00e7\u00f5es Unidas (UNFPA). - FNUAP\" width=\"156\" height=\"200\" \/><\/a><p id=\"caption-attachment-5654\" class=\"wp-caption-text\">Marcela Suazo, diretora na regi\u00e3o do Fundo de Popula\u00e7\u00e3o das Na\u00e7\u00f5es Unidas (UNFPA). - FNUAP<\/p><\/div>  Com a finalidade de financiar o Plano de a\u00e7\u00e3o aprovado em 1994 pela Confer\u00eancia Internacional sobre Popula\u00e7\u00e3o e Desenvolvimento, realizada no Cairo, acordou-se que as na\u00e7\u00f5es do Sul entrariam com dois ter\u00e7os do total estimado, e o restante caberia \u00e0 coopera\u00e7\u00e3o de pa\u00edses industrializados.<\/p>\n<p>Na capital eg\u00edpcia foi projetado investimento de US$ 21,7 bilh\u00f5es at\u00e9 2015 para quatro componentes do Plano de A\u00e7\u00e3o: planejamento familiar, sa\u00fade reprodutiva, doen\u00e7as sexualmente transmiss\u00edveis com HIV\/Aids e coleta e an\u00e1lise de dados. Mas, uma recente revis\u00e3o feita pelo UNFPA revelou que no total s\u00e3o necess\u00e1rios US$ 69,810 bilh\u00f5es. Juntado o gasto de governos, cidad\u00e3os e organiza\u00e7\u00f5es n\u00e3o-governamentais, as na\u00e7\u00f5es da Am\u00e9rica Latina contribu\u00edram com quase US$ 3 bilh\u00f5es, mas s\u00e3o necess\u00e1rios mais de US$ 6 bilh\u00f5es para cumprir os objetivos, disse Suazo \u00e0 IPS. Enquanto isso, os pa\u00edses industrializados contribuem com menos do ter\u00e7o comprometido.<\/p>\n<p>Suazo, de origem hondurenha, dirige desde 2007 o Escrit\u00f3rio Regional para a Am\u00e9rica Latina e o Caribe do UNFPA. Ela conversou com a IPS em Santiago, durante semin\u00e1rio de dois dias na sede da Comiss\u00e3o Econ\u00f4mica para a Am\u00e9rica Latina e o Caribe (Cepal) dedicado a analisar o Plano de A\u00e7\u00e3o na regi\u00e3o, 15 anos depois de sua aprova\u00e7\u00e3o.<\/p>\n<p>IPS- Como avalia o cumprimento na Am\u00e9rica Latina do Plano de A\u00e7\u00e3o da Confer\u00eancia do Cairo?<\/p>\n<p>Marcela Suazo &#8211; A avalia\u00e7\u00e3o \u00e9 bastante positiva. Houve avan\u00e7os importantes, n\u00e3o apenas no contexto legislativo e de pol\u00edticas p\u00fablicas, mas tamb\u00e9m no acompanhamento financeiro. Por\u00e9m, h\u00e1 desafios importantes. O primeiro \u00e9 a luta contra a desigualdade. Nem todos gozam dos avan\u00e7os de maneira eq\u00fcitativa. O tema da desigualdade passa por contar com a informa\u00e7\u00e3o necess\u00e1ria \u2013 manter os censos e as pesquisas e analisar toda esta informa\u00e7\u00e3o \u2013 e por redobrar o financiamento.<\/p>\n<p>\u00c9 certo que a regi\u00e3o fez um importante esfor\u00e7o. \u00c9 certo que est\u00e1 cumprindo mais ou menos 50% dos dois ter\u00e7os do financiamento do Plano de A\u00e7\u00e3o com os quais se comprometeu. Mas, tamb\u00e9m \u00e9 certo que devemos redobrar o compromisso para garantir esta outra metade.<\/p>\n<p>IPS- Quais s\u00e3o \u00e0 \u00e1reas em atraso?<\/p>\n<p>MS- H\u00e1 diferentes avan\u00e7os e desigualdades. N\u00e3o poderia dizer que existem \u00e1reas totalmente relegadas. Por exemplo, falemos de reduzir em tr\u00eas quartos at\u00e9 2015, em rela\u00e7\u00e3o a 1990, a maternidade materna. J\u00e1 sabemos que \u00e9 um dos Objetivos de Desenvolvimento para o Mil\u00eanio que n\u00e3o ser\u00e1 cumprido, e que tamb\u00e9m est\u00e1 no cora\u00e7\u00e3o do Cairo. Temos \u00edndices m\u00e9dios de cem a 150 mortes maternas para cada cem mil nascidos vivos, e em uma \u00e1rea geogr\u00e1fica h\u00e1 alguns quil\u00f4metros de distancia tem quatro vezes mais. Em alguns casos a mortalidade materna aumenta 100%, 200%, 300%, 400%. Este desafio \u00e9 importante.<\/p>\n<p>Por outro lado, \u00e9 preciso ver o contexto que havia em 1994, o de hoje e o que teremos em 2025. Hoje existe uma popula\u00e7\u00e3o jovem muito importante, cerca de 109 milh\u00f5es de pessoas entre 14 e 24 anos, que pode incorporar-se \u00e0 popula\u00e7\u00e3o economicamente ativa. Para a regi\u00e3o \u00e9 fundamental tomar decis\u00f5es de investimento, de pol\u00edtica p\u00fablica e de programas que garantam que esses jovens contem com as ferramentas necess\u00e1rias para se incorporarem nos processos de desenvolvimento produtivo, e que tenham uma plataforma de informa\u00e7\u00e3o, conhecimento e acesso a esses servi\u00e7os para o exerc\u00edcio de seus direitos. Em 2025, teremos menos popula\u00e7\u00e3o jovem e mais popula\u00e7\u00e3o envelhecida.<\/p>\n<p>IPS- A mortalidade materna e a fecundidade adolescente figuram entre os principais problemas da regi\u00e3o. Por que n\u00e3o se avan\u00e7ou mais nestas \u00e1reas?<\/p>\n<p>MS- J\u00e1 se sabe quais setores apresentam altos \u00edndices de mortalidade materna, j\u00e1 se conta com bastante conhecimento e experi\u00eancia sobre quais s\u00e3o os pilares fundamentais para reduzi-la e j\u00e1 sabemos que a maior parte dela \u00e9 previs\u00edvel. Os tr\u00eas pilares fundamentais s\u00e3o planejamento familiar, cuidados de qualidade durante a gravidez, o parto e os 40 dias seguintes, e os servi\u00e7os de emerg\u00eancia obst\u00e9trica. H\u00e1 conhecimentos, mas necessitamos de investimento espec\u00edfico, focado e diferenciado nesses tr\u00eas pilares para termos um avan\u00e7o real.<\/p>\n<p>IPS- E a gravidez de adolescentes<\/p>\n<p>MS- A gravidez entre adolescentes vem crescendo na regi\u00e3o. Os jovens e as jovens n\u00e3o est\u00e3o tendo necessariamente possibilidades de acesso \u00e0 informa\u00e7\u00e3o, \u00e0 educa\u00e7\u00e3o formal, a conhecimento, a insumos e a servi\u00e7os de preven\u00e7\u00e3o da gravidez. Isto \u00e9 um tema muito importante porque existe uma rela\u00e7\u00e3o direta entre uma gravidez precoce e as possibilidades de adquirir as ferramentas necess\u00e1rias para romper o c\u00edrculo da pobreza. A regi\u00e3o deve dar aten\u00e7\u00e3o ao problema.<\/p>\n<p>IPS- A regi\u00e3o tamb\u00e9m mostra progressos importantes na luta contra o HIV\/Aids. Mas, muitas vezes as m\u00e9dias regionais costumam esconder disparidades nacionais.<\/p>\n<p>MS- H\u00e1 um grupo populacional tradicional, o dos homens que fazem sexo com homens, onde temos o maior n\u00famero de infec\u00e7\u00f5es por HIV(v\u00edrus da defici\u00eancia imunol\u00f3gica humana, causador da Aids), mas temos uma infec\u00e7\u00e3o crescente em mulheres. E, segundo o \u00faltimo informe do Programa Conjunto das Na\u00e7\u00f5es Unidas contra HIV\/Aids (Onusida), aumentou entre 40% e 45% a preval\u00eancia em jovens. Esse \u00e9 um alerta, em uma regi\u00e3o onde estamos obtendo um avan\u00e7o significativo para estabilizar a epidemia. Mas, temos popula\u00e7\u00f5es onde a preval\u00eancia est\u00e1 aumentando.<\/p>\n<p>IPS- Onde a regi\u00e3o deve colocar seu foco, com vistas a temas emergentes como a mudan\u00e7a clim\u00e1tica?<\/p>\n<p>MS- Por um lado, imediatamente, deve-se focalizar o investimento em juventude. E, por outro, temos de tomar rapidamente a\u00e7\u00f5es at\u00e9 2025, que est\u00e1 virando a esquina, quando contaremos com 190 milh\u00f5es de maiores de 60 anos. A popula\u00e7\u00e3o da regi\u00e3o est\u00e1 envelhecendo rapidamente. Al\u00e9m disso, devemos incorporar os novos contextos, como o crescimento da popula\u00e7\u00e3o urbana e todas as \u201ccondicionalidades\u201d que surgir\u00e3o por causa da mudan\u00e7a clim\u00e1tica.<\/p>\n<p>IPS- Qual \u00e9 o chamado para os governos neste semin\u00e1rio de avalia\u00e7\u00e3o do Plano de A\u00e7\u00e3o do Cairo?<\/p>\n<p>MS- O mais importante \u00e9 que neste contexto de crise econ\u00f4mica temos de garantir o investimento em juventude e assegurar que os \u00eaxitos obtidos no contexto social n\u00e3o se percam, para que no futuro n\u00e3o tenhamos de analisar esta crise como a anterior, que nos custou 25 anos em recupera\u00e7\u00e3o. IPS\/Envolverde<\/p>\n","protected":false},"excerpt":{"rendered":"<p>Santiago, 13\/10\/2009 &ndash; Para combater a desigualdade, os pa\u00edses da Am\u00e9rica Latina devem redobrar sua contribui\u00e7\u00e3o financeira destinada ao cumprimento de seus compromissos internacionais, disse \u00e0 IPS Marcela Suazo, diretora na regi\u00e3o do Fundo de Popula\u00e7\u00e3o das Na\u00e7\u00f5es Unidas (UNFPA). <a href=\"https:\/\/www.ipsnews.net\/portuguese\/2009\/10\/america-latina\/populacao-america-latina-avancos-desiguais\/\" class=\"more-link\">Continue Reading <span class=\"meta-nav\">&rarr;<\/span><\/a><\/p>\n","protected":false},"author":50,"featured_media":0,"comment_status":"open","ping_status":"open","sticky":false,"template":"","format":"standard","meta":{"footnotes":""},"categories":[2,12,4,7],"tags":[21,24],"class_list":["post-5654","post","type-post","status-publish","format-standard","hentry","category-america-latina","category-desenvolvimento","category-mundo","category-saude","tag-metas-do-milenio","tag-mulheres"],"_links":{"self":[{"href":"https:\/\/www.ipsnews.net\/portuguese\/wp-json\/wp\/v2\/posts\/5654","targetHints":{"allow":["GET"]}}],"collection":[{"href":"https:\/\/www.ipsnews.net\/portuguese\/wp-json\/wp\/v2\/posts"}],"about":[{"href":"https:\/\/www.ipsnews.net\/portuguese\/wp-json\/wp\/v2\/types\/post"}],"author":[{"embeddable":true,"href":"https:\/\/www.ipsnews.net\/portuguese\/wp-json\/wp\/v2\/users\/50"}],"replies":[{"embeddable":true,"href":"https:\/\/www.ipsnews.net\/portuguese\/wp-json\/wp\/v2\/comments?post=5654"}],"version-history":[{"count":0,"href":"https:\/\/www.ipsnews.net\/portuguese\/wp-json\/wp\/v2\/posts\/5654\/revisions"}],"wp:attachment":[{"href":"https:\/\/www.ipsnews.net\/portuguese\/wp-json\/wp\/v2\/media?parent=5654"}],"wp:term":[{"taxonomy":"category","embeddable":true,"href":"https:\/\/www.ipsnews.net\/portuguese\/wp-json\/wp\/v2\/categories?post=5654"},{"taxonomy":"post_tag","embeddable":true,"href":"https:\/\/www.ipsnews.net\/portuguese\/wp-json\/wp\/v2\/tags?post=5654"}],"curies":[{"name":"wp","href":"https:\/\/api.w.org\/{rel}","templated":true}]}}