{"id":8835,"date":"2011-09-22T16:04:01","date_gmt":"2011-09-22T16:04:01","guid":{"rendered":"http:\/\/www.ipsnoticias.net\/portuguese\/?p=8835"},"modified":"2011-09-22T16:04:01","modified_gmt":"2011-09-22T16:04:01","slug":"a-identidade-nao-tem-fronteiras","status":"publish","type":"post","link":"https:\/\/www.ipsnews.net\/portuguese\/2011\/09\/mundo\/a-identidade-nao-tem-fronteiras\/","title":{"rendered":"\u201cA identidade n\u00e3o tem fronteiras\u201d"},"content":{"rendered":"<p>Nova York, Estados Unidos, 22\/09\/2011 &ndash; Os atentados de 11 de setembro de 2001 afetaram profundamente as rela\u00e7\u00f5es entre os Estados Unidos e a Europa, por um lado, e Norte da \u00c1frica e Oriente M\u00e9dio, por outro.  <!--more--><br \/>\n <div id=\"attachment_8835\" style=\"width: 210px\" class=\"wp-caption alignright\"><a href=\"http:\/\/www.ipsnoticias.net\/portuguese\/fotos\/316.jpg\"><img loading=\"lazy\" decoding=\"async\" aria-describedby=\"caption-attachment-8835\" class=\"size-medium wp-image-8835\" title=\"Jovens de distintos pa\u00edses \u00e1rabes - Christian Papesch\/IPS\" src=\"http:\/\/www.ipsnoticias.net\/portuguese\/fotos\/316.jpg\" alt=\"Jovens de distintos pa\u00edses \u00e1rabes - Christian Papesch\/IPS\" width=\"200\" height=\"114\" \/><\/a><p id=\"caption-attachment-8835\" class=\"wp-caption-text\">Jovens de distintos pa\u00edses \u00e1rabes - Christian Papesch\/IPS<\/p><\/div>  H\u00e1 pessoas que consideram que \u00e9 ora de estender pontes entre os dois mundos. Exatamente dez anos depois dos ataques contra Nova York e Washington, seis mulheres e seis homens de Arg\u00e9lia, Egito, Kuwait e v\u00e1rios outros pa\u00edses \u00e1rabes come\u00e7aram uma viagem de duas semanas pelos Estados Unidos e pela Europa. Os jovens fazem parte do Programa de Fraternidade (Fellowship Program) da Alian\u00e7a das Civiliza\u00e7\u00f5es da Organiza\u00e7\u00e3o das Na\u00e7\u00f5es Unidas (ONU), lan\u00e7ado no ano passado.<\/p>\n<p>\u201cO 11 de Setembro me afetou como saudita tanto quanto aos norte-americanos pelas a\u00e7\u00f5es de certas pessoas e pelas rea\u00e7\u00f5es da maioria dos governos\u201d, afirmou Sofana Dahlan, fundadora do Tashkeil, um centro multidisciplinar de cultura e desenho na Ar\u00e1bia Saudita, e uma das participantes do Programa. \u201cAs pontes que ligavam nossas culturas foram demolidas. \u00c9 hora de, junto com o povo dos Estados Unidos, as reconstruirmos e recriarmos novas formas de trocar e aceitar as ideias dos outros\u201d, disse \u00e0 IPS.<\/p>\n<p>Este \u00e9 o objetivo da Alian\u00e7a, fundada em 2005 como plataforma para o di\u00e1logo e a coopera\u00e7\u00e3o, que pretende evitar demonizar e estereotipar as duas partes. \u201cFoi criada ap\u00f3s os atentados de 11 de Setembro\u201d, disse Jean-Christophe Bas, assessor de associa\u00e7\u00e3o e desenvolvimento estrat\u00e9gico da iniciativa. \u201cO objetivo foi criar compreens\u00e3o e confian\u00e7a entre o Ocidente e o mundo isl\u00e2mico\u201d, afirmou. \u201cA raz\u00e3o por tr\u00e1s do medo, das tens\u00f5es e dos conflitos entre as culturas, na maioria dos casos, \u00e9 pura ignor\u00e2ncia. Pelo fato de as pessoas n\u00e3o se conhecerem\u201d, acrescentou.<\/p>\n<p>Conhecer a cultura do outro, n\u00e3o por meio da m\u00eddia, mas do di\u00e1logo direto com dirigentes pol\u00edticos tamb\u00e9m \u00e9 um objetivo fundamental do programa. Vinte e quatro mulheres e homens com idades entre 26 e 38 anos, considerados l\u00edderes emergentes em suas \u00e1reas de atua\u00e7\u00e3o integram o Programa, 12 dos Estados Unidos e da Europa e 12 do norte da \u00c1frica e do Oriente M\u00e9dio. Algumas das pessoas que estiveram em Nova York na semana passada, e seguiram rumo a Washington, Filad\u00e9lfia, Londres, Paris e Bruxelas, nunca antes estiveram nos Estados Unidos. No entanto, Anas Dharweesh, da S\u00edria, sentiu familiaridade neste pa\u00eds.<\/p>\n<p>\u201cNa verdade, foi muito familiar para mim\u201d, afirmou a diretora de projetos do Shabab, ramo executivo do Fundo para o Desenvolvimento da S\u00edria. \u201cA cultura norte-americana se espalhou pelo mundo. Se algu\u00e9m quer ver os Estados Unidos, isto est\u00e1 a dois metros dela. Tem a televis\u00e3o, qualquer filme de Hollywood, as com\u00e9dias e m\u00fasicas\u201d, acrescentou. Contudo, algumas \u00e1reas de Nova York que visitaram n\u00e3o costumam aparecer nos meios de comunica\u00e7\u00e3o.<\/p>\n<p>\u201cOntem fui ao Bronx, e foi revelador\u201d, disse \u00e0 IPS a advogada libanesa Dala Ghandour, que j\u00e1 esteve antes nos Estados Unidos. \u201cN\u00e3o sabia que o pa\u00eds mais rico do mundo tem esse tipo de pobreza. Me surpreendeu a brecha entre os muito ricos e os muito pobres. \u00c9 uma tend\u00eancia que se v\u00ea em todo o mundo. H\u00e1 gente que fica muito rica enquanto outra fica muito pobre. \u00c9 um enorme perigo em todo o mundo porque pode levar ao terrorismo\u201d, acrescentou Dala.<\/p>\n<p>Outra experi\u00eancia que os 12 participantes do Programa n\u00e3o podem obter na m\u00eddia \u00e9 o contato pessoal e a oportunidade de conhecer pessoalmente comunidades locais e dirigentes, apertar-lhes a m\u00e3o, fazer perguntas e interagir. \u201cNada pode substituir a oportunidade de falar e ver por si mesmo outro mundo\u201d, explicou Bas. \u201cPodem conversar com quem for que consideram importante e possa lhes dar um sentido para sua vis\u00e3o da sociedade, de seus valores e suas cren\u00e7as. Este \u00e9 o princ\u00edpio do Programa\u201d, acrescentou.<\/p>\n<p>A estadia inclu\u00eda uma reuni\u00e3o com Jeffrey Sachs, do Instituto da Terra, da Universidade de Columbia, bem como uma visita \u00e0 sede das Na\u00e7\u00f5es Unidas. \u201cSempre se tende a pensar que essas pessoas vivem em edif\u00edcios e n\u00e3o s\u00e3o de fato seres humanos, sendo contatadas apenas por e-mail\u201d, disse Sarah Zaaimi, jornalista marroquina e autora do blog premiado Words for Change (Palavras para a Mudan\u00e7a). \u201cPor\u00e9m, o objetivo do Programa \u00e9 que os dirigentes entrem em contato com uma gera\u00e7\u00e3o jovem porque \u00e9 algo que n\u00e3o acontece na vida cotidiana. N\u00e3o imagina o quanto \u00e9 dif\u00edcil o acesso a eles em nossos pa\u00edses\u201d, disse Zaaimi \u00e0 IPS.<\/p>\n<p>O Programa n\u00e3o \u00e9 apenas uma oportunidade para conhecer os Estados Unidos e a Europa, mas tamb\u00e9m para dirigentes jovens do Oriente M\u00e9dio. \u201cInclusive a intera\u00e7\u00e3o com meus companheiros me d\u00e1 nova percep\u00e7\u00e3o da vida e de suas culturas\u201d, disse Sofana Dahlan. \u201cN\u00e3o somos todos iguais. N\u00e3o podem nos tratar igual s\u00f3 porque somos \u00e1rabes ou mu\u00e7ulmanos. Temos de nos concentrar nas pessoas e n\u00e3o em estereotipar o Ocidente ou o Oriente\u201d, acrescentou.<\/p>\n<p>Tempos de mudan\u00e7as pol\u00edticas, reformas e revolu\u00e7\u00f5es, especialmente no norte da \u00c1frica, a intera\u00e7\u00e3o entre l\u00edderes emergentes, dirigentes do \u00e2mbito internacional e outros podem ser chave para criar novas sociedades est\u00e1veis. Alguns dos benefici\u00e1rios do Programa tiveram uma participa\u00e7\u00e3o ativa na chamada Primavera \u00c1rabe, que eles n\u00e3o chamam dessa forma. \u201cS\u00f3 o fato de dizer que somos \u00e1rabes \u00e9 um estere\u00f3tipo\u201d, explicou Sarah Zaaimi. \u201cAs identidades n\u00e3o t\u00eam fronteiras. S\u00e3o esferas muito complexas que n\u00e3o se pode dividir. S\u00e3o constru\u00e7\u00f5es feitas pelos pol\u00edticos. N\u00e3o pelos seres humanos\u201d, acrescentou. Envolverde\/IPS<\/p>\n","protected":false},"excerpt":{"rendered":"<p>Nova York, Estados Unidos, 22\/09\/2011 &ndash; Os atentados de 11 de setembro de 2001 afetaram profundamente as rela\u00e7\u00f5es entre os Estados Unidos e a Europa, por um lado, e Norte da \u00c1frica e Oriente M\u00e9dio, por outro. <a href=\"https:\/\/www.ipsnews.net\/portuguese\/2011\/09\/mundo\/a-identidade-nao-tem-fronteiras\/\" class=\"more-link\">Continue Reading <span class=\"meta-nav\">&rarr;<\/span><\/a><\/p>\n","protected":false},"author":425,"featured_media":0,"comment_status":"open","ping_status":"open","sticky":false,"template":"","format":"standard","meta":{"footnotes":""},"categories":[6,4,11],"tags":[],"class_list":["post-8835","post","type-post","status-publish","format-standard","hentry","category-direitos-humanos","category-mundo","category-politica"],"_links":{"self":[{"href":"https:\/\/www.ipsnews.net\/portuguese\/wp-json\/wp\/v2\/posts\/8835","targetHints":{"allow":["GET"]}}],"collection":[{"href":"https:\/\/www.ipsnews.net\/portuguese\/wp-json\/wp\/v2\/posts"}],"about":[{"href":"https:\/\/www.ipsnews.net\/portuguese\/wp-json\/wp\/v2\/types\/post"}],"author":[{"embeddable":true,"href":"https:\/\/www.ipsnews.net\/portuguese\/wp-json\/wp\/v2\/users\/425"}],"replies":[{"embeddable":true,"href":"https:\/\/www.ipsnews.net\/portuguese\/wp-json\/wp\/v2\/comments?post=8835"}],"version-history":[{"count":0,"href":"https:\/\/www.ipsnews.net\/portuguese\/wp-json\/wp\/v2\/posts\/8835\/revisions"}],"wp:attachment":[{"href":"https:\/\/www.ipsnews.net\/portuguese\/wp-json\/wp\/v2\/media?parent=8835"}],"wp:term":[{"taxonomy":"category","embeddable":true,"href":"https:\/\/www.ipsnews.net\/portuguese\/wp-json\/wp\/v2\/categories?post=8835"},{"taxonomy":"post_tag","embeddable":true,"href":"https:\/\/www.ipsnews.net\/portuguese\/wp-json\/wp\/v2\/tags?post=8835"}],"curies":[{"name":"wp","href":"https:\/\/api.w.org\/{rel}","templated":true}]}}